{"id":962,"date":"2026-02-17T01:45:52","date_gmt":"2026-02-17T01:45:52","guid":{"rendered":"https:\/\/www.ektunkul.com\/?p=962"},"modified":"2026-02-17T01:45:56","modified_gmt":"2026-02-17T01:45:56","slug":"yucatan-y-chiapas-abren-la-super-copa-roshfrans-2026-turismo-de-velocidad-en-mexico","status":"publish","type":"post","link":"https:\/\/www.ektunkul.com\/en\/rutas\/yucatan-y-chiapas-abren-la-super-copa-roshfrans-2026-turismo-de-velocidad-en-mexico\/","title":{"rendered":"\u00a1Yucat\u00e1n y Chiapas Abren la S\u00faper Copa Roshfrans 2026! | Turismo de Velocidad en M\u00e9xico"},"content":{"rendered":"<p>\u00a1Hola, amante de M\u00e9xico y las emociones fuertes!<\/p>\n\n\n\n<p>Celebramos la adrenalina del automovilismo mexicano, combinada con la magia de Yucat\u00e1n y Chiapas. \u00a1La Temporada 2026 de S\u00faper Copa Roshfrans arranca este fin de semana!<\/p>\n\n\n<div class=\"wp-block-image\">\n<figure class=\"alignleft size-medium\"><img loading=\"lazy\" decoding=\"async\" width=\"300\" height=\"200\" src=\"https:\/\/www.ektunkul.com\/wp-content\/uploads\/2026\/02\/1TRACTOCAMIONES-1-300x200.jpg\" alt=\"\" class=\"wp-image-966\" srcset=\"https:\/\/www.ektunkul.com\/wp-content\/uploads\/2026\/02\/1TRACTOCAMIONES-1-300x200.jpg 300w, https:\/\/www.ektunkul.com\/wp-content\/uploads\/2026\/02\/1TRACTOCAMIONES-1-1024x683.jpg 1024w, https:\/\/www.ektunkul.com\/wp-content\/uploads\/2026\/02\/1TRACTOCAMIONES-1-768x512.jpg 768w, https:\/\/www.ektunkul.com\/wp-content\/uploads\/2026\/02\/1TRACTOCAMIONES-1-1536x1024.jpg 1536w, https:\/\/www.ektunkul.com\/wp-content\/uploads\/2026\/02\/1TRACTOCAMIONES-1-2048x1366.jpg 2048w, https:\/\/www.ektunkul.com\/wp-content\/uploads\/2026\/02\/1TRACTOCAMIONES-1-18x12.jpg 18w\" sizes=\"auto, (max-width: 300px) 100vw, 300px\" \/><\/figure>\n<\/div>\n\n\n<p>**\ud83d\uddfa\ufe0f Yucat\u00e1n: La Abertura Explosiva (22 de febrero)**<\/p>\n\n\n\n<p>&#8211; Aut\u00f3dromo Emerson Fittipaldi: Antes cierre por lluvias, ahora \u00a1inauguraci\u00f3n perfecta!<\/p>\n\n\n\n<p>&#8211; Categor\u00edas estelares: GTM, Tractocamiones y Mexbike. \u00a1Gran asistencia esperada!<\/p>\n\n\n\n<p>&#8211; Recuerdos 2025: Salvador de Alba Jr. domin\u00f3 GTM Pro 1; Santos Zanella Sr., \u00abKeko\u00bb P\u00e9rez (GTM Pro 2); C\u00e9sar Jim\u00e9nez y local Carlos Novelo (GTM Light); Enrique Due\u00f1as (Tractocamiones).<\/p>\n\n\n<div class=\"wp-block-image\">\n<figure class=\"alignright size-medium\"><img loading=\"lazy\" decoding=\"async\" width=\"300\" height=\"200\" src=\"https:\/\/www.ektunkul.com\/wp-content\/uploads\/2026\/02\/Jose-Arellano-02-300x200.jpg\" alt=\"\" class=\"wp-image-963\" srcset=\"https:\/\/www.ektunkul.com\/wp-content\/uploads\/2026\/02\/Jose-Arellano-02-300x200.jpg 300w, https:\/\/www.ektunkul.com\/wp-content\/uploads\/2026\/02\/Jose-Arellano-02-1024x682.jpg 1024w, https:\/\/www.ektunkul.com\/wp-content\/uploads\/2026\/02\/Jose-Arellano-02-768x512.jpg 768w, https:\/\/www.ektunkul.com\/wp-content\/uploads\/2026\/02\/Jose-Arellano-02-1536x1023.jpg 1536w, https:\/\/www.ektunkul.com\/wp-content\/uploads\/2026\/02\/Jose-Arellano-02-18x12.jpg 18w, https:\/\/www.ektunkul.com\/wp-content\/uploads\/2026\/02\/Jose-Arellano-02.jpg 1800w\" sizes=\"auto, (max-width: 300px) 100vw, 300px\" \/><\/figure>\n<\/div>\n\n\n<p>**\ud83d\ude80 Chiapas: Segunda Fecha Hist\u00f3rica (1 de marzo)**<\/p>\n\n\n\n<p>&#8211; S\u00faper \u00d3valo Chiapas recibe por 1\u00aa vez a SCR. \u00a1Infield renovado al 100%!<\/p>\n\n\n\n<p>&#8211; Post-Yucat\u00e1n: Caravana a Tuxtla Guti\u00e9rrez con desfile en la avenida principal + firma de aut\u00f3grafos.<\/p>\n\n\n\n<p>&#8211; **Oportunidad de Negocios**: Hoteleros y artesanos locales, \u00a1aprovechen el flujo de fans! Exporten souvenirs a EE.UU. con +20% rentabilidad.<\/p>\n\n\n\n<p><\/p>","protected":false},"excerpt":{"rendered":"<p>\u00a1Hola, amante de M\u00e9xico y las emociones fuertes! Celebramos la adrenalina del automovilismo mexicano, combinada con la magia de Yucat\u00e1n y Chiapas. \u00a1La Temporada 2026 de S\u00faper Copa Roshfrans arranca este fin de semana! **\ud83d\uddfa\ufe0f Yucat\u00e1n: La Abertura Explosiva (22 de febrero)** &#8211; Aut\u00f3dromo Emerson Fittipaldi: Antes cierre por lluvias, ahora \u00a1inauguraci\u00f3n perfecta! &#8211; Categor\u00edas [&hellip;]<\/p>\n","protected":false},"author":2,"featured_media":968,"comment_status":"open","ping_status":"closed","sticky":false,"template":"","format":"standard","meta":{"jetpack_post_was_ever_published":false,"_jetpack_newsletter_access":"","_jetpack_dont_email_post_to_subs":false,"_jetpack_newsletter_tier_id":0,"_jetpack_memberships_contains_paywalled_content":false,"_jetpack_memberships_contains_paid_content":false,"footnotes":"","jetpack_publicize_message":"","jetpack_publicize_feature_enabled":true,"jetpack_social_post_already_shared":true,"jetpack_social_options":{"image_generator_settings":{"template":"highway","default_image_id":0,"font":"","enabled":false},"version":2}},"categories":[81,76,80],"tags":[541,537,546,534,535,543,524,527,536,532,526,544,531,525,539,530,538,533,529,540,545,542,528],"class_list":["post-962","post","type-post","status-publish","format-standard","has-post-thumbnail","hentry","category-deportes","category-rutas","category-social","tag-autodromo-emerson-fittipaldi","tag-calendario-carreras-chiapas-2026","tag-carlos-novelo-local-driver","tag-carlos-novelo-piloto-local","tag-carrera-yucatan-febrero","tag-chiapas-racing-calendar-2026","tag-desfile-autos-tuxtla-gutierrez","tag-emerson-fittipaldi-autodrome","tag-eventos-motorsport-yucatan","tag-gtm-pro-1-salvador-de-alba","tag-gtm-pro-1-salvador-de-alba-jr","tag-mexico-motorsport-tourism","tag-michel-jourdain-scr","tag-super-copa-roshfrans-2026","tag-super-oval-chiapas","tag-super-ovalo-chiapas","tag-temporada-roshfrans-2026","tag-tractocamiones-enrique-duenas-2","tag-tractocamiones-enrique-duenas","tag-turismo-automovilismo-mexico","tag-tuxtla-gutierrez-car-parade","tag-yucatan-motorsport-events","tag-yucatan-racing-february"],"jetpack_publicize_connections":[],"jetpack_featured_media_url":"https:\/\/www.ektunkul.com\/wp-content\/uploads\/2026\/02\/1GTM-scaled.jpg","jetpack_sharing_enabled":true,"_links":{"self":[{"href":"https:\/\/www.ektunkul.com\/en\/wp-json\/wp\/v2\/posts\/962","targetHints":{"allow":["GET"]}}],"collection":[{"href":"https:\/\/www.ektunkul.com\/en\/wp-json\/wp\/v2\/posts"}],"about":[{"href":"https:\/\/www.ektunkul.com\/en\/wp-json\/wp\/v2\/types\/post"}],"author":[{"embeddable":true,"href":"https:\/\/www.ektunkul.com\/en\/wp-json\/wp\/v2\/users\/2"}],"replies":[{"embeddable":true,"href":"https:\/\/www.ektunkul.com\/en\/wp-json\/wp\/v2\/comments?post=962"}],"version-history":[{"count":1,"href":"https:\/\/www.ektunkul.com\/en\/wp-json\/wp\/v2\/posts\/962\/revisions"}],"predecessor-version":[{"id":969,"href":"https:\/\/www.ektunkul.com\/en\/wp-json\/wp\/v2\/posts\/962\/revisions\/969"}],"wp:featuredmedia":[{"embeddable":true,"href":"https:\/\/www.ektunkul.com\/en\/wp-json\/wp\/v2\/media\/968"}],"wp:attachment":[{"href":"https:\/\/www.ektunkul.com\/en\/wp-json\/wp\/v2\/media?parent=962"}],"wp:term":[{"taxonomy":"category","embeddable":true,"href":"https:\/\/www.ektunkul.com\/en\/wp-json\/wp\/v2\/categories?post=962"},{"taxonomy":"post_tag","embeddable":true,"href":"https:\/\/www.ektunkul.com\/en\/wp-json\/wp\/v2\/tags?post=962"}],"curies":[{"name":"wp","href":"https:\/\/api.w.org\/{rel}","templated":true}]}}