{"id":835,"date":"2026-02-11T09:33:00","date_gmt":"2026-02-11T09:33:00","guid":{"rendered":"https:\/\/www.ektunkul.com\/?p=835"},"modified":"2026-02-11T05:40:26","modified_gmt":"2026-02-11T05:40:26","slug":"enfermos-de-poder","status":"publish","type":"post","link":"https:\/\/www.ektunkul.com\/en\/opinion\/enfermos-de-poder\/","title":{"rendered":"\u00bfEnfermos de poder?"},"content":{"rendered":"<p>La realidad me alcanza y rebasa. Son muchos los temas que ocurren en la plaza p\u00fablica y generan opini\u00f3n. Es importante que las distintas posiciones tengan un espacio. Lo lamentable es que los medios de comunicaci\u00f3n priorizan su inter\u00e9s, indudablemente pol\u00edtico y econ\u00f3mico. Son empresas. Al menos, ahora est\u00e1n las distintas plataformas que dan voz, aunque haya muchos que desperdician el espacio, pero, igual, tienen su inter\u00e9s.<\/p>\n\n\n<div class=\"wp-block-image\">\n<figure class=\"alignleft size-medium is-resized\"><img loading=\"lazy\" decoding=\"async\" width=\"300\" height=\"210\" src=\"https:\/\/www.ektunkul.com\/wp-content\/uploads\/2026\/02\/tv-1240159-300x210.jpg\" alt=\"\" class=\"wp-image-840\" style=\"width:357px;height:auto\" srcset=\"https:\/\/www.ektunkul.com\/wp-content\/uploads\/2026\/02\/tv-1240159-300x210.jpg 300w, https:\/\/www.ektunkul.com\/wp-content\/uploads\/2026\/02\/tv-1240159-1024x718.jpg 1024w, https:\/\/www.ektunkul.com\/wp-content\/uploads\/2026\/02\/tv-1240159-768x538.jpg 768w, https:\/\/www.ektunkul.com\/wp-content\/uploads\/2026\/02\/tv-1240159-1536x1076.jpg 1536w, https:\/\/www.ektunkul.com\/wp-content\/uploads\/2026\/02\/tv-1240159-2048x1435.jpg 2048w, https:\/\/www.ektunkul.com\/wp-content\/uploads\/2026\/02\/tv-1240159-18x12.jpg 18w\" sizes=\"auto, (max-width: 300px) 100vw, 300px\" \/><\/figure>\n<\/div>\n\n\n<p>Llamaron mi atenci\u00f3n dos temas de apenas hace unos d\u00edas: Un sal\u00f3n de belleza en el Senado y la postura de la jefa de Gobierno de la CdMx, sobre la relaci\u00f3n medios de comunicaci\u00f3n y gobierno. Un tercer tema: Auditor\u00edas hechas al gobierno de Campeche, cuyos resultados han sido bloqueados. Hay m\u00e1s.<\/p>\n\n\n\n<p>Parecieran intrascendentes, pero tienen m\u00e1s elementos que se deben considerar.&nbsp;<\/p>\n\n\n\n<p>Soy convencido del cambio que necesita el pa\u00eds y que, como toda transformaci\u00f3n social, requiere tiempo, m\u00e1s del que quisi\u00e9ramos quienes lo hemos ansiado desde hace d\u00e9cadas, con los grupos de poder que controlaban el pa\u00eds en el per\u00edodo pol\u00edtico que correspondi\u00f3 al Partido Revolucionario Institucional (PRI), y al Partido Acci\u00f3n Nacional (PAN), cuyo cambio gatopardista evidenci\u00f3 c\u00f3mo esas facciones ostentaban el poder, sin que les importara el desarrollo del Estado mexicano.<\/p>\n\n\n\n<p>Apoy\u00e9 esas posibilidades. Decepciones. En el \u00faltimo lustro, se dibuj\u00f3 la transformaci\u00f3n con enfrentamientos varios que requer\u00edan sustento legal, el cual se hace desde uno de los poderes que constituyen la Uni\u00f3n de este pa\u00eds; incluso, la dificultad de evitar continuara el otro Poder en poder de esos grupos que tambi\u00e9n abarcan el control del poder f\u00e1ctico que tiene a la naci\u00f3n en un estado de inseguridad generado artificialmente desde esos mismos espacios.<\/p>\n\n\n<div class=\"wp-block-image\">\n<figure class=\"alignright size-medium is-resized\"><img loading=\"lazy\" decoding=\"async\" width=\"300\" height=\"150\" src=\"https:\/\/www.ektunkul.com\/wp-content\/uploads\/2026\/02\/justicia-1024-300x150.jpg\" alt=\"\" class=\"wp-image-841\" style=\"width:338px;height:auto\" srcset=\"https:\/\/www.ektunkul.com\/wp-content\/uploads\/2026\/02\/justicia-1024-300x150.jpg 300w, https:\/\/www.ektunkul.com\/wp-content\/uploads\/2026\/02\/justicia-1024-768x384.jpg 768w, https:\/\/www.ektunkul.com\/wp-content\/uploads\/2026\/02\/justicia-1024-18x9.jpg 18w, https:\/\/www.ektunkul.com\/wp-content\/uploads\/2026\/02\/justicia-1024.jpg 1024w\" sizes=\"auto, (max-width: 300px) 100vw, 300px\" \/><\/figure>\n<\/div>\n\n\n<p>No obstante la disminuci\u00f3n en cifras gubernamentales de la incidencia delictiva, la percepci\u00f3n de la gente es que predomina el ambiente violento en las calles y las familias no est\u00e1n seguras ni en sus casas, ya que los poseedores de las concesiones de medios masivos apuestan a su penetraci\u00f3n en la mente de las personas, lo cual ha resultado.<\/p>\n\n\n\n<p>Una r\u00e1pida verificaci\u00f3n de lo afirmado se puede hacer en los noticiarios televisivos y radiof\u00f3nicos, peri\u00f3dicos, revistas, as\u00ed como en plataformas de internet y redes sociales. Los primeros, en sus distintas emisiones apuestan a la nota roja, a la informaci\u00f3n de homicidios que en cualquier sociedad ocurre, adem\u00e1s de asaltos, robos y accidentes, lo cual genera estados de ansiedad y miedo. En la red de redes, evidentemente se trata de espacios pagados que usan las diferentes opciones para que llegue al mayor n\u00famero de personas en su soledad \u00edntima, compartida en sus diferentes c\u00edrculos sociales.<\/p>\n\n\n<div class=\"wp-block-image\">\n<figure class=\"alignleft size-medium\"><img loading=\"lazy\" decoding=\"async\" width=\"300\" height=\"168\" src=\"https:\/\/www.ektunkul.com\/wp-content\/uploads\/2026\/02\/Violencia-2-300x168.jpg\" alt=\"\" class=\"wp-image-843\" srcset=\"https:\/\/www.ektunkul.com\/wp-content\/uploads\/2026\/02\/Violencia-2-300x168.jpg 300w, https:\/\/www.ektunkul.com\/wp-content\/uploads\/2026\/02\/Violencia-2-768x431.jpg 768w, https:\/\/www.ektunkul.com\/wp-content\/uploads\/2026\/02\/Violencia-2-18x10.jpg 18w, https:\/\/www.ektunkul.com\/wp-content\/uploads\/2026\/02\/Violencia-2.jpg 900w\" sizes=\"auto, (max-width: 300px) 100vw, 300px\" \/><\/figure>\n<\/div>\n\n\n<p>Y el manejo informativo, cuando la jefa de Gobierno, Clara Brugada, expres\u00f3 que \u201c\u2026 ser\u00eda muy bueno un gran acuerdo con todos los medios de comunicaci\u00f3n para que le baj\u00e1ramos a la nota roja\u2026\u201d, seg\u00fan notas period\u00edsticas. Sin embargo, la gran mayor\u00eda de los medios manejaron la informaci\u00f3n como un \u201cpacto de silencio\u201d, palabras mismas que las utilizadas desde el per\u00edodo de Felipe Calder\u00f3n con la Guerra contra el Narcotr\u00e1fico y continuado con el \u00faltimo presidente del PRI.<\/p>\n\n\n\n<p>Hubo una reuni\u00f3n en el Museo Nacional de Antropolog\u00eda, convocada por Claudio X. Gonz\u00e1lez, Ricardo Salinas y Emilio Azc\u00e1rraga, en la que impulsaron el Acuerdo para la Cobertura Informativa de la Violencia, con el que se unific\u00f3 un criterio en la exposici\u00f3n de las notas, con lo que formaron parte de la estrategia de informaci\u00f3n m\u00e1s de 700 medios de comunicaci\u00f3n. Minimizar la nota roja. La publicidad continuar\u00eda.<\/p>\n\n\n<div class=\"wp-block-image\">\n<figure class=\"alignright size-full\"><img loading=\"lazy\" decoding=\"async\" width=\"300\" height=\"168\" src=\"https:\/\/www.ektunkul.com\/wp-content\/uploads\/2026\/02\/Salon-de-belleza-San-Lazaro.jpg\" alt=\"\" class=\"wp-image-845\" srcset=\"https:\/\/www.ektunkul.com\/wp-content\/uploads\/2026\/02\/Salon-de-belleza-San-Lazaro.jpg 300w, https:\/\/www.ektunkul.com\/wp-content\/uploads\/2026\/02\/Salon-de-belleza-San-Lazaro-18x10.jpg 18w\" sizes=\"auto, (max-width: 300px) 100vw, 300px\" \/><\/figure>\n<\/div>\n\n\n<p>Igual, los excesos se dan en el otro lado del escritorio. Desde ese otro Poder, donde se supone se legisla en favor de M\u00e9xico, se abri\u00f3 una est\u00e9tica. Mi entendimiento no alcanza a discernir el motivo por el que se instal\u00f3 el sal\u00f3n de belleza para legisladores, aparentemente de la 4T. Y lo usan en horarios que, se supone, son laborales, aunque ellos no est\u00e9n sometidos a un horario definido de labores.<\/p>\n\n\n\n<p>El sentido com\u00fan me indica que ese tipo de asuntos no deben existir, aunque en todas las dependencias y organismos aut\u00f3nomos hay espacios para, se supone, facilitar a los funcionarios su actividad, como los comedores, ba\u00f1os, rec\u00e1maras, autos y otros. Soy de la idea de que todos los funcionarios deb\u00edan tener facilidades, pero para su actividad, no para su cotidianidad, como el comer, llevarse el auto oficial a su casa o cortarse el cabello.<\/p>\n\n\n<div class=\"wp-block-image\">\n<figure class=\"alignleft size-full\"><img loading=\"lazy\" decoding=\"async\" width=\"300\" height=\"200\" src=\"https:\/\/www.ektunkul.com\/wp-content\/uploads\/2026\/02\/chofer-300x200-1.jpg\" alt=\"\" class=\"wp-image-846\" srcset=\"https:\/\/www.ektunkul.com\/wp-content\/uploads\/2026\/02\/chofer-300x200-1.jpg 300w, https:\/\/www.ektunkul.com\/wp-content\/uploads\/2026\/02\/chofer-300x200-1-18x12.jpg 18w\" sizes=\"auto, (max-width: 300px) 100vw, 300px\" \/><\/figure>\n<\/div>\n\n\n<p>Es com\u00fan que los altos funcionarios utilicen al personal para asuntos personales, como la limpieza de casa, jard\u00edn, chofer para sus respectivas familias, etc\u00e9tera. Ocurre, lamentablemente y es parte de la corrupci\u00f3n. El trabajador no puede negarse, por las represalias que ocurrir\u00e1n.<\/p>\n\n\n\n<p>Recuerdo en las oficinas de Prevenci\u00f3n y Readaptaci\u00f3n Social el uso de recursos institucionales para pagar un asunto est\u00e9tico en un hospital privado de alto costo a una servidora p\u00fablica que ha tenido cargos de titular de procuradur\u00edas de justicia y otros cargos federales y estatales.<\/p>\n\n\n\n<p>Desde otros per\u00edodos administrativos hab\u00eda sido abierta, luego cerrada y reabierta m\u00e1s veces, de manera irregular, \u201cclandestina\u201d publicaron algunos medios, con lo que, quienes prestan el servicio no pagan renta, luz, agua y los distintos gastos que cualquier negocio requiere.<\/p>\n\n\n<div class=\"wp-block-image\">\n<figure class=\"alignright size-medium\"><img loading=\"lazy\" decoding=\"async\" width=\"300\" height=\"211\" src=\"https:\/\/www.ektunkul.com\/wp-content\/uploads\/2026\/02\/Constitucion-mexicana-300x211.jpg\" alt=\"\" class=\"wp-image-847\" srcset=\"https:\/\/www.ektunkul.com\/wp-content\/uploads\/2026\/02\/Constitucion-mexicana-300x211.jpg 300w, https:\/\/www.ektunkul.com\/wp-content\/uploads\/2026\/02\/Constitucion-mexicana-18x12.jpg 18w, https:\/\/www.ektunkul.com\/wp-content\/uploads\/2026\/02\/Constitucion-mexicana.jpg 640w\" sizes=\"auto, (max-width: 300px) 100vw, 300px\" \/><\/figure>\n<\/div>\n\n\n<p>Considero que los Poderes de la Uni\u00f3n e instituciones varias deben respetar lo que marca la ley, y sus integrantes tener menos prerrogativas y mayor vigilancia en el uso del presupuesto, pues lo hacen de manera discrecional. Al no transparentar los recursos recibidos, necesariamente ocultan; esto es, necesariamente hay actos deshonestos.<\/p>\n\n\n\n<p>En el mismo caso se encuentra el gobierno de Campeche. Y peor, porque al haber auditor\u00edas existen elementos probados de posibles malos manejos.<\/p>\n\n\n\n<p>Entonces, esos falsos servidores p\u00fablicos afectan el proyecto de transformaci\u00f3n que toma forma. No les interesa. Al igual que los anteriores, buscan su beneficio personal y grupal. Se trata entonces de la b\u00fasqueda del poder por el poder, \u201cqu\u00edtate para ponerme yo\u201d, sin que en su cabeza pase el transformar al pa\u00eds para beneficio de todos y generar bienestar en la poblaci\u00f3n, como los te\u00f3ricos de la administraci\u00f3n p\u00fablica y la pol\u00edtica, han escrito desde hace siglos.<\/p>\n\n\n\n<p>Y no les interesa.<\/p>\n\n\n\n<p><\/p>","protected":false},"excerpt":{"rendered":"<p>La realidad me alcanza y rebasa. Son muchos los temas que ocurren en la plaza p\u00fablica y generan opini\u00f3n. Es importante que las distintas posiciones tengan un espacio. Lo lamentable es que los medios de comunicaci\u00f3n priorizan su inter\u00e9s, indudablemente pol\u00edtico y econ\u00f3mico. Son empresas. Al menos, ahora est\u00e1n las distintas plataformas que dan voz, [&hellip;]<\/p>\n","protected":false},"author":3,"featured_media":839,"comment_status":"open","ping_status":"closed","sticky":false,"template":"","format":"standard","meta":{"jetpack_post_was_ever_published":false,"_jetpack_newsletter_access":"","_jetpack_dont_email_post_to_subs":false,"_jetpack_newsletter_tier_id":0,"_jetpack_memberships_contains_paywalled_content":false,"_jetpack_memberships_contains_paid_content":false,"footnotes":"","jetpack_publicize_message":"","jetpack_publicize_feature_enabled":true,"jetpack_social_post_already_shared":true,"jetpack_social_options":{"image_generator_settings":{"template":"highway","default_image_id":0,"font":"","enabled":false},"version":2}},"categories":[413,77],"tags":[416,425,427,428,419,422,430,429,423,417,414,424,415,431,421,420,426,418,432],"class_list":["post-835","post","type-post","status-publish","format-standard","has-post-thumbnail","hentry","category-comunicacion-y-poder","category-opinion","tag-4t","tag-acuerdo-cobertura-violencia","tag-auditorias-campeche","tag-cambio-gatopardista","tag-clara-brugada","tag-claudio-x-gonzalez","tag-corrupcion-funcionarios-publicos","tag-emilio-azcarraga","tag-guerra-contra-el-narco","tag-medios-de-comunicacion-mexico","tag-nota-roja","tag-percepcion-inseguridad-mexico","tag-poder-factico","tag-prerrogativas-legisladores","tag-pri-pan","tag-ricardo-salinas-pliego","tag-salon-de-belleza-senado","tag-transformacion-social-mexico","tag-transparencia-presupuesto-publico"],"jetpack_publicize_connections":[],"jetpack_featured_media_url":"https:\/\/www.ektunkul.com\/wp-content\/uploads\/2026\/02\/create-a-highly-detailed-high-resolution-featured-image-illustrating-the.png","jetpack_sharing_enabled":true,"_links":{"self":[{"href":"https:\/\/www.ektunkul.com\/en\/wp-json\/wp\/v2\/posts\/835","targetHints":{"allow":["GET"]}}],"collection":[{"href":"https:\/\/www.ektunkul.com\/en\/wp-json\/wp\/v2\/posts"}],"about":[{"href":"https:\/\/www.ektunkul.com\/en\/wp-json\/wp\/v2\/types\/post"}],"author":[{"embeddable":true,"href":"https:\/\/www.ektunkul.com\/en\/wp-json\/wp\/v2\/users\/3"}],"replies":[{"embeddable":true,"href":"https:\/\/www.ektunkul.com\/en\/wp-json\/wp\/v2\/comments?post=835"}],"version-history":[{"count":2,"href":"https:\/\/www.ektunkul.com\/en\/wp-json\/wp\/v2\/posts\/835\/revisions"}],"predecessor-version":[{"id":848,"href":"https:\/\/www.ektunkul.com\/en\/wp-json\/wp\/v2\/posts\/835\/revisions\/848"}],"wp:featuredmedia":[{"embeddable":true,"href":"https:\/\/www.ektunkul.com\/en\/wp-json\/wp\/v2\/media\/839"}],"wp:attachment":[{"href":"https:\/\/www.ektunkul.com\/en\/wp-json\/wp\/v2\/media?parent=835"}],"wp:term":[{"taxonomy":"category","embeddable":true,"href":"https:\/\/www.ektunkul.com\/en\/wp-json\/wp\/v2\/categories?post=835"},{"taxonomy":"post_tag","embeddable":true,"href":"https:\/\/www.ektunkul.com\/en\/wp-json\/wp\/v2\/tags?post=835"}],"curies":[{"name":"wp","href":"https:\/\/api.w.org\/{rel}","templated":true}]}}