{"id":705,"date":"2026-02-05T18:57:21","date_gmt":"2026-02-05T18:57:21","guid":{"rendered":"https:\/\/www.ektunkul.com\/?p=705"},"modified":"2026-02-05T18:57:24","modified_gmt":"2026-02-05T18:57:24","slug":"la-musica-expresa-el-alma-mexicana-gabriela-ortiz-brilla-con-tres-grammys-por-yanga","status":"publish","type":"post","link":"https:\/\/www.ektunkul.com\/en\/social\/la-musica-expresa-el-alma-mexicana-gabriela-ortiz-brilla-con-tres-grammys-por-yanga\/","title":{"rendered":"La M\u00fasica Expresa el Alma Mexicana: Gabriela Ortiz Brilla con Tres Grammys por Yanga"},"content":{"rendered":"<p id=\"la-msica-expresa-el-alma-mexicana-gabriela-ortiz-b\">La m\u00fasica trasciende fronteras y captura la esencia humana como ninguna otra arte. As\u00ed lo afirma Gabriela Ortiz Torres, maestra de la Facultad de M\u00fasica (FaM) de la UNAM, quien por segundo a\u00f1o consecutivo conquista los Grammy. Esta vez, su \u00e1lbum <em>Yanga<\/em> arrasa con <strong>tres premios Grammy<\/strong>, destacando la rebeli\u00f3n hist\u00f3rica de un l\u00edder africano en Veracruz contra la corona espa\u00f1ola.<\/p>\n\n\n\n<p>Ortiz recibe dos galardones personales: <strong>Mejor Compendio Cl\u00e1sico<\/strong> y <strong>Mejor Composici\u00f3n Cl\u00e1sica Contempor\u00e1nea<\/strong> por <em>Dzonot<\/em> (concierto para violoncello). El tercero va al Coro Maestro de Los \u00c1ngeles por <strong>Mejor Interpretaci\u00f3n Coral<\/strong> en <em>Yanga<\/em>. En exclusiva para Gaceta UNAM, la compositora comparte su trayectoria, desde sus ra\u00edces folcl\u00f3ricas hasta su rol como docente en la UNAM.<\/p>\n\n\n\n<figure class=\"wp-block-embed is-type-video is-provider-youtube wp-block-embed-youtube wp-embed-aspect-16-9 wp-has-aspect-ratio\"><div class=\"wp-block-embed__wrapper\">\n<iframe loading=\"lazy\" title=\"\u00bfQUE\u0301 INSPIRA A LA COMPOSITORA PUMA QUE CONQUISTO\u0301 DOS GRAMMYS?\" width=\"800\" height=\"450\" src=\"https:\/\/www.youtube.com\/embed\/6sWTu-oyE1M?feature=oembed\" frameborder=\"0\" allow=\"accelerometer; autoplay; clipboard-write; encrypted-media; gyroscope; picture-in-picture; web-share\" referrerpolicy=\"strict-origin-when-cross-origin\" allowfullscreen><\/iframe>\n<\/div><\/figure>\n\n\n\n<h2 class=\"wp-block-heading\">De Cri-Cri a los Grammy: El Camino Musical de Gabriela Ortiz<\/h2>\n\n\n\n<p>\u00abLa m\u00fasica me eligi\u00f3 a m\u00ed\u00bb, confiesa Ortiz. Criada en un hogar mel\u00f3mano \u2014sus padres fundaron Los Folkloristas\u2014, creci\u00f3 entre Beethoven, Mozart y ritmos folcl\u00f3ricos. Toc\u00f3 guitarra y charango en La Pe\u00f1a de los Folkloristas, estudi\u00f3 piano con Graciela de Tapia y descubri\u00f3 la composici\u00f3n con Mario Stern.<\/p>\n\n\n\n<p>Su formaci\u00f3n incluye la UNAM desde preparatoria, estudios en Francia, la Ollin Yoliztli con Mario Lavista, y posgrados en Inglaterra gracias a becas universitarias. Hoy, como profesora en la FaM, retribuye: \u00abLa UNAM es generosa; le debo mi carrera y mi familia est\u00e1 ligada a ella\u00bb.<\/p>\n\n\n\n<h2 class=\"wp-block-heading\">Yanga: La Tercera Ra\u00edz Afromexicana en \u00d3pera Orquestal<\/h2>\n\n\n<div class=\"wp-block-image\">\n<figure class=\"alignleft size-medium\"><img loading=\"lazy\" decoding=\"async\" width=\"234\" height=\"300\" src=\"https:\/\/www.ektunkul.com\/wp-content\/uploads\/2026\/02\/Gabriela-Ortiz-3-234x300.jpg\" alt=\"\" class=\"wp-image-708\" srcset=\"https:\/\/www.ektunkul.com\/wp-content\/uploads\/2026\/02\/Gabriela-Ortiz-3-234x300.jpg 234w, https:\/\/www.ektunkul.com\/wp-content\/uploads\/2026\/02\/Gabriela-Ortiz-3-798x1024.jpg 798w, https:\/\/www.ektunkul.com\/wp-content\/uploads\/2026\/02\/Gabriela-Ortiz-3-768x985.jpg 768w, https:\/\/www.ektunkul.com\/wp-content\/uploads\/2026\/02\/Gabriela-Ortiz-3-1197x1536.jpg 1197w, https:\/\/www.ektunkul.com\/wp-content\/uploads\/2026\/02\/Gabriela-Ortiz-3-1596x2048.jpg 1596w, https:\/\/www.ektunkul.com\/wp-content\/uploads\/2026\/02\/Gabriela-Ortiz-3-1024x1314.jpg 1024w, https:\/\/www.ektunkul.com\/wp-content\/uploads\/2026\/02\/Gabriela-Ortiz-3-scaled.jpg 1996w\" sizes=\"auto, (max-width: 234px) 100vw, 234px\" \/><\/figure>\n<\/div>\n\n\n<p>Inspirada en el libro <em>Azteca<\/em> de Gary Jennings, Ortiz rescata a Gaspar Yanga, pr\u00edncipe congole\u00f1o esclavizado en el siglo XVI. Escap\u00f3, form\u00f3 palenques en la sierra veracruzana y negoci\u00f3 con Espa\u00f1a el primer pueblo libre de Am\u00e9rica: San Lorenzo de los Negros (hoy Yanga, Veracruz).<\/p>\n\n\n\n<p>Originalmente planeada como \u00f3pera, se transform\u00f3 en obra para coro y orquesta, encargada por Gustavo Dudamel y la Filarm\u00f3nica de Los \u00c1ngeles. Para emparejarla con la Novena de Beethoven, Ortiz huy\u00f3 del clasicismo europeo: incorpor\u00f3 ra\u00edces africanas, europeas y originarias con percusiones de Tambuco. \u00abEs libertad desde la \u00f3ptica latinoamericana\u00bb, dice.<\/p>\n\n\n\n<h2 class=\"wp-block-heading\">Temas que Resuenan: Feminismo, Ecolog\u00eda y Memoria<\/h2>\n\n\n\n<ul class=\"wp-block-list\">\n<li><strong>Revoluci\u00f3n Diamantina<\/strong>: Violencia contra la mujer, Grammy 2025.<\/li>\n\n\n\n<li><strong>Dzonot<\/strong>: Obsesi\u00f3n por el agua en cenotes yucatecos, amenazados por turismo y sequ\u00eda en CDMX.<\/li>\n\n\n\n<li><strong>Yanga<\/strong>: Insurrecci\u00f3n afromexicana, celebrando la diversidad mexicana.<\/li>\n<\/ul>\n\n\n\n<p>\u00abLa m\u00fasica expresa la condici\u00f3n humana de manera sublime\u00bb, explica Ortiz. Nutre problem\u00e1ticas sociales desde su lenguaje: \u00abUn artista se expresa as\u00ed, no con art\u00edculos acad\u00e9micos\u00bb.<\/p>\n\n\n<div class=\"wp-block-image\">\n<figure class=\"alignright size-medium\"><img loading=\"lazy\" decoding=\"async\" width=\"225\" height=\"300\" src=\"https:\/\/www.ektunkul.com\/wp-content\/uploads\/2026\/02\/Gabriela-Ortiz-225x300.jpg\" alt=\"\" class=\"wp-image-706\" srcset=\"https:\/\/www.ektunkul.com\/wp-content\/uploads\/2026\/02\/Gabriela-Ortiz-225x300.jpg 225w, https:\/\/www.ektunkul.com\/wp-content\/uploads\/2026\/02\/Gabriela-Ortiz-769x1024.jpg 769w, https:\/\/www.ektunkul.com\/wp-content\/uploads\/2026\/02\/Gabriela-Ortiz-768x1023.jpg 768w, https:\/\/www.ektunkul.com\/wp-content\/uploads\/2026\/02\/Gabriela-Ortiz-1153x1536.jpg 1153w, https:\/\/www.ektunkul.com\/wp-content\/uploads\/2026\/02\/Gabriela-Ortiz-1537x2048.jpg 1537w, https:\/\/www.ektunkul.com\/wp-content\/uploads\/2026\/02\/Gabriela-Ortiz-1024x1364.jpg 1024w, https:\/\/www.ektunkul.com\/wp-content\/uploads\/2026\/02\/Gabriela-Ortiz-scaled.jpg 1921w\" sizes=\"auto, (max-width: 225px) 100vw, 225px\" \/><\/figure>\n<\/div>\n\n\n<h2 class=\"wp-block-heading\">Colaboraci\u00f3n con Dudamel: Ritmos Latinos en el Mundo<\/h2>\n\n\n\n<p>Trabajar con Dudamel es \u00abfant\u00e1stico\u00bb. El director venezolano impulsa m\u00fasica latinoamericana con intuici\u00f3n r\u00edtmica impecable, comisionando obras panamericanas.<\/p>\n\n\n\n<p>Este triunfo une historia veracruzana, excelencia UNAM y orgullo mexicano. \u00a1Celebremos a Gabriela Ortiz, voz de nuestras ra\u00edces!<\/p>\n\n\n\n<hr class=\"wp-block-separator has-alpha-channel-opacity\"\/>\n\n\n\n<p><\/p>","protected":false},"excerpt":{"rendered":"<p>La m\u00fasica trasciende fronteras y captura la esencia humana como ninguna otra arte. As\u00ed lo afirma Gabriela Ortiz Torres, maestra de la Facultad de M\u00fasica (FaM) de la UNAM, quien por segundo a\u00f1o consecutivo conquista los Grammy. Esta vez, su \u00e1lbum Yanga arrasa con tres premios Grammy, destacando la rebeli\u00f3n hist\u00f3rica de un l\u00edder africano [&hellip;]<\/p>\n","protected":false},"author":2,"featured_media":707,"comment_status":"open","ping_status":"closed","sticky":false,"template":"","format":"standard","meta":{"jetpack_post_was_ever_published":false,"_jetpack_newsletter_access":"","_jetpack_dont_email_post_to_subs":false,"_jetpack_newsletter_tier_id":0,"_jetpack_memberships_contains_paywalled_content":false,"_jetpack_memberships_contains_paid_content":false,"footnotes":"","jetpack_publicize_message":"","jetpack_publicize_feature_enabled":true,"jetpack_social_post_already_shared":true,"jetpack_social_options":{"image_generator_settings":{"template":"highway","default_image_id":0,"font":"","enabled":false},"version":2}},"categories":[82,80],"tags":[223,214,222,213,217,212,221,211,219,218,220,216,215],"class_list":["post-705","post","type-post","status-publish","format-standard","has-post-thumbnail","hentry","category-personajes","category-social","tag-cenotes-yucatan-ecologia","tag-compositora-mexicana-unam","tag-facultad-musica-unam","tag-gabriela-ortiz","tag-gabriela-ortiz-dzonot","tag-grammy-yanga","tag-gustavo-dudamel-filarmonica-la","tag-musica-afromexicana","tag-musica-folclorica-mexicana","tag-premios-grammy-clasica-2026","tag-raices-mexicanas-musica","tag-rebelion-gaspar-yanga","tag-yanga-veracruz-historia"],"jetpack_publicize_connections":[],"jetpack_featured_media_url":"https:\/\/www.ektunkul.com\/wp-content\/uploads\/2026\/02\/Gabriela-Ortiz-2-scaled.jpg","jetpack_sharing_enabled":true,"_links":{"self":[{"href":"https:\/\/www.ektunkul.com\/en\/wp-json\/wp\/v2\/posts\/705","targetHints":{"allow":["GET"]}}],"collection":[{"href":"https:\/\/www.ektunkul.com\/en\/wp-json\/wp\/v2\/posts"}],"about":[{"href":"https:\/\/www.ektunkul.com\/en\/wp-json\/wp\/v2\/types\/post"}],"author":[{"embeddable":true,"href":"https:\/\/www.ektunkul.com\/en\/wp-json\/wp\/v2\/users\/2"}],"replies":[{"embeddable":true,"href":"https:\/\/www.ektunkul.com\/en\/wp-json\/wp\/v2\/comments?post=705"}],"version-history":[{"count":1,"href":"https:\/\/www.ektunkul.com\/en\/wp-json\/wp\/v2\/posts\/705\/revisions"}],"predecessor-version":[{"id":709,"href":"https:\/\/www.ektunkul.com\/en\/wp-json\/wp\/v2\/posts\/705\/revisions\/709"}],"wp:featuredmedia":[{"embeddable":true,"href":"https:\/\/www.ektunkul.com\/en\/wp-json\/wp\/v2\/media\/707"}],"wp:attachment":[{"href":"https:\/\/www.ektunkul.com\/en\/wp-json\/wp\/v2\/media?parent=705"}],"wp:term":[{"taxonomy":"category","embeddable":true,"href":"https:\/\/www.ektunkul.com\/en\/wp-json\/wp\/v2\/categories?post=705"},{"taxonomy":"post_tag","embeddable":true,"href":"https:\/\/www.ektunkul.com\/en\/wp-json\/wp\/v2\/tags?post=705"}],"curies":[{"name":"wp","href":"https:\/\/api.w.org\/{rel}","templated":true}]}}