{"id":646,"date":"2026-02-04T05:21:49","date_gmt":"2026-02-04T05:21:49","guid":{"rendered":"https:\/\/www.ektunkul.com\/?p=646"},"modified":"2026-02-04T05:21:52","modified_gmt":"2026-02-04T05:21:52","slug":"la-mulata-de-cordoba-la-bruja-que-escapo-en-un-dibujo","status":"publish","type":"post","link":"https:\/\/www.ektunkul.com\/en\/leyendas\/la-mulata-de-cordoba-la-bruja-que-escapo-en-un-dibujo\/","title":{"rendered":"La Mulata de C\u00f3rdoba: La bruja que escap\u00f3 en un dibujo"},"content":{"rendered":"<p><\/p>\n\n\n\n<p>En el a\u00f1o de 1618, en la Villa de C\u00f3rdoba de los Caballeros, Veracruz, surgi\u00f3 de las sombras una mujer de belleza deslumbrante y juventud inmutable. Nadie conoc\u00eda su origen ni su verdadero nombre; por su piel morena y su linaje mestizo \u2014sangre africana y espa\u00f1ola\u2014 todos la llamaban simplemente \u201cla Mulata de C\u00f3rdoba\u201d.<\/p>\n\n\n<div class=\"wp-block-image\">\n<figure class=\"alignright size-medium\"><img loading=\"lazy\" decoding=\"async\" width=\"300\" height=\"200\" src=\"https:\/\/www.ektunkul.com\/wp-content\/uploads\/2026\/02\/storm-7VASS2BAXMIA51XB-300x200.jpg\" alt=\"\" class=\"wp-image-648\" srcset=\"https:\/\/www.ektunkul.com\/wp-content\/uploads\/2026\/02\/storm-7VASS2BAXMIA51XB-300x200.jpg 300w, https:\/\/www.ektunkul.com\/wp-content\/uploads\/2026\/02\/storm-7VASS2BAXMIA51XB-1024x683.jpg 1024w, https:\/\/www.ektunkul.com\/wp-content\/uploads\/2026\/02\/storm-7VASS2BAXMIA51XB-768x512.jpg 768w, https:\/\/www.ektunkul.com\/wp-content\/uploads\/2026\/02\/storm-7VASS2BAXMIA51XB-1536x1024.jpg 1536w, https:\/\/www.ektunkul.com\/wp-content\/uploads\/2026\/02\/storm-7VASS2BAXMIA51XB-2048x1365.jpg 2048w\" sizes=\"auto, (max-width: 300px) 100vw, 300px\" \/><\/figure>\n<\/div>\n\n\n<p>Los a\u00f1os transcurr\u00edan, pero ella no envejec\u00eda. Su mirada profunda y serena atra\u00eda a todos. Dominaba las artes de las hierbas: curaba enfermedades mortales, conjuraba tormentas, predec\u00eda eclipses y temblores. Los enfermos acud\u00edan a su puerta y sal\u00edan sanos; las muchachas sin amor y los hombres sin rumbo encontraban en sus consejos alivio y esperanza.<\/p>\n\n\n\n<p>Pero en una \u00e9poca de rigurosa vigilancia por la Inquisici\u00f3n y obsesi\u00f3n con la pureza de sangre, una mujer mulata tan sabia, hermosa e independiente era una afrenta. Los rumores se propagaron: ten\u00eda pacto con el diablo, pod\u00eda estar en dos lugares a la vez, su belleza no era humana. La envidia y el despecho de un poderoso \u2014en algunas versiones un pretendiente rechazado o un funcionario herido en su orgullo\u2014 la acusaron de brujer\u00eda y herej\u00eda.<\/p>\n\n\n\n<p>La Santa Inquisici\u00f3n no tard\u00f3 en actuar. La Mulata fue apresada y trasladada a las mazmorras del fuerte de San Juan de Ul\u00faa, donde la condenaron a morir en la hoguera.<\/p>\n\n\n<div class=\"wp-block-image\">\n<figure class=\"alignleft size-full\"><img loading=\"lazy\" decoding=\"async\" width=\"188\" height=\"268\" src=\"https:\/\/www.ektunkul.com\/wp-content\/uploads\/2026\/02\/La-mulata-de-Cordoba-Veracruz.jpg\" alt=\"\" class=\"wp-image-649\"\/><\/figure>\n<\/div>\n\n\n<p>La noche anterior a la ejecuci\u00f3n, en su celda h\u00fameda y oscura, pidi\u00f3 al guardia un simple trozo de carb\u00f3n. Con mano firme y sin temblor, traz\u00f3 en la pared de piedra un bergant\u00edn de velas hinchadas por el viento, m\u00e1stiles altos, olas embravecidas y un mar que parec\u00eda cobrar vida ante los ojos at\u00f3nitos del vigilante.<\/p>\n\n\n\n<p>El guardia, hipnotizado por la perfecci\u00f3n del dibujo, se acerc\u00f3 m\u00e1s.&nbsp;<\/p>\n\n\n\n<p>\u2014\u00bfQu\u00e9 le falta a este barco? \u2014pregunt\u00f3 ella con voz calmada.<\/p>\n\n\n\n<p>\u00c9l, sin pensar, respondi\u00f3:&nbsp;<\/p>\n\n\n\n<p>\u2014Nada\u2026 solo que ande.<\/p>\n\n\n\n<p>La Mulata sonri\u00f3 levemente, se puso de pie, dio un paso hacia el dibujo\u2026 y desapareci\u00f3. El barco se desvaneci\u00f3 con ella. En la pared solo qued\u00f3 una mancha negra de carb\u00f3n y el silencio roto por el eco lejano de olas y velas al viento.<\/p>\n\n\n\n<p>Desde entonces, nadie la volvi\u00f3 a ver en C\u00f3rdoba ni en las costas veracruzanas. Pero en noches de luna llena, algunos juran o\u00edr el rumor de un nav\u00edo que navega en la oscuridad, y una risa serena que se pierde en el mar.<\/p>\n\n\n\n<p>Y as\u00ed, la Mulata de C\u00f3rdoba permanece en la memoria colectiva: emblema de belleza indomable, sabidur\u00eda prohibida y libertad que ni las llamas ni las cadenas pudieron extinguir.<\/p>\n\n\n\n<figure class=\"wp-block-embed is-type-video is-provider-youtube wp-block-embed-youtube wp-embed-aspect-16-9 wp-has-aspect-ratio\"><div class=\"wp-block-embed__wrapper\">\n<iframe loading=\"lazy\" title=\"La leyenda de la mulata de C\u00f3rdoba \/ CNT \/ INBAL \/ M\u00e9xico\" width=\"800\" height=\"450\" src=\"https:\/\/www.youtube.com\/embed\/Y9ps4OkL2n8?feature=oembed\" frameborder=\"0\" allow=\"accelerometer; autoplay; clipboard-write; encrypted-media; gyroscope; picture-in-picture; web-share\" referrerpolicy=\"strict-origin-when-cross-origin\" allowfullscreen><\/iframe>\n<\/div><\/figure>\n\n\n\n<p><\/p>","protected":false},"excerpt":{"rendered":"<p>En el a\u00f1o de 1618, en la Villa de C\u00f3rdoba de los Caballeros, Veracruz, surgi\u00f3 de las sombras una mujer de belleza deslumbrante y juventud inmutable. Nadie conoc\u00eda su origen ni su verdadero nombre; por su piel morena y su linaje mestizo \u2014sangre africana y espa\u00f1ola\u2014 todos la llamaban simplemente \u201cla Mulata de C\u00f3rdoba\u201d. Los [&hellip;]<\/p>\n","protected":false},"author":2,"featured_media":647,"comment_status":"open","ping_status":"closed","sticky":false,"template":"","format":"standard","meta":{"jetpack_post_was_ever_published":false,"_jetpack_newsletter_access":"","_jetpack_dont_email_post_to_subs":false,"_jetpack_newsletter_tier_id":0,"_jetpack_memberships_contains_paywalled_content":false,"_jetpack_memberships_contains_paid_content":false,"footnotes":"","jetpack_publicize_message":"","jetpack_publicize_feature_enabled":true,"jetpack_social_post_already_shared":true,"jetpack_social_options":{"image_generator_settings":{"template":"highway","default_image_id":0,"font":"","enabled":false},"version":2}},"categories":[37,76],"tags":[180,182,186,179,187,181,185,178,175],"class_list":["post-646","post","type-post","status-publish","format-standard","has-post-thumbnail","hentry","category-leyendas","category-rutas","tag-barco","tag-fuerte","tag-hechiceria-2","tag-la-mulata-de-cordoba-2","tag-martin-de-ocana","tag-mazmorras","tag-museo","tag-san-juan-de-ulua-2","tag-veracruz"],"jetpack_publicize_connections":[],"jetpack_featured_media_url":"https:\/\/www.ektunkul.com\/wp-content\/uploads\/2026\/02\/ojos-cafe-2-scaled.jpg","jetpack_sharing_enabled":true,"_links":{"self":[{"href":"https:\/\/www.ektunkul.com\/en\/wp-json\/wp\/v2\/posts\/646","targetHints":{"allow":["GET"]}}],"collection":[{"href":"https:\/\/www.ektunkul.com\/en\/wp-json\/wp\/v2\/posts"}],"about":[{"href":"https:\/\/www.ektunkul.com\/en\/wp-json\/wp\/v2\/types\/post"}],"author":[{"embeddable":true,"href":"https:\/\/www.ektunkul.com\/en\/wp-json\/wp\/v2\/users\/2"}],"replies":[{"embeddable":true,"href":"https:\/\/www.ektunkul.com\/en\/wp-json\/wp\/v2\/comments?post=646"}],"version-history":[{"count":1,"href":"https:\/\/www.ektunkul.com\/en\/wp-json\/wp\/v2\/posts\/646\/revisions"}],"predecessor-version":[{"id":650,"href":"https:\/\/www.ektunkul.com\/en\/wp-json\/wp\/v2\/posts\/646\/revisions\/650"}],"wp:featuredmedia":[{"embeddable":true,"href":"https:\/\/www.ektunkul.com\/en\/wp-json\/wp\/v2\/media\/647"}],"wp:attachment":[{"href":"https:\/\/www.ektunkul.com\/en\/wp-json\/wp\/v2\/media?parent=646"}],"wp:term":[{"taxonomy":"category","embeddable":true,"href":"https:\/\/www.ektunkul.com\/en\/wp-json\/wp\/v2\/categories?post=646"},{"taxonomy":"post_tag","embeddable":true,"href":"https:\/\/www.ektunkul.com\/en\/wp-json\/wp\/v2\/tags?post=646"}],"curies":[{"name":"wp","href":"https:\/\/api.w.org\/{rel}","templated":true}]}}