{"id":528,"date":"2026-01-29T22:43:05","date_gmt":"2026-01-29T22:43:05","guid":{"rendered":"https:\/\/www.ektunkul.com\/?p=528"},"modified":"2026-01-29T22:43:07","modified_gmt":"2026-01-29T22:43:07","slug":"la-rosca-de-reyes-y-el-ciclo-de-los-tamales","status":"publish","type":"post","link":"https:\/\/www.ektunkul.com\/en\/gastronomia\/la-rosca-de-reyes-y-el-ciclo-de-los-tamales\/","title":{"rendered":"LA ROSCA DE REYES Y EL CICLO DE LOS TAMALES"},"content":{"rendered":"<p>La Rosca de Reyes, pan dulce ovalado relleno de natilla y coronado con frutas cristalizadas, es mucho m\u00e1s que un postre navide\u00f1o en M\u00e9xico: es el inicio de un ciclo festivo que une familias en torno al 6 de enero y se extiende hasta febrero con tamales humeantes. Esta tradici\u00f3n transforma hogares en centros de alegr\u00eda donde los ni\u00f1os buscan la figura del Ni\u00f1o Jes\u00fas escondida en la masa. Quien la encuentra asume el rol de padrino, organizando una fiesta el 2 de febrero, D\u00eda de Candelaria, con tamales como protagonistas. Es una tradici\u00f3n que, sin duda, refuerza la identidad mexicana.<\/p>\n\n\n<div class=\"wp-block-image\">\n<figure class=\"alignleft size-full is-resized\"><img loading=\"lazy\" decoding=\"async\" width=\"276\" height=\"183\" src=\"https:\/\/www.ektunkul.com\/wp-content\/uploads\/2026\/01\/rosca-de-reyes-4.jpg\" alt=\"\" class=\"wp-image-538\" style=\"width:400px;height:auto\"\/><\/figure>\n<\/div>\n\n\n<p>Los or\u00edgenes de la rosca se hunden en las Saturnales romanas del siglo I a.C., fiestas paganas en honor a Saturno donde se horneaba un \u201csigillaria\u201d \u2013pastel de miel con una haba o moneda oculta\u2013. El afortunado era coronado \u201crey de los tontos\u201d por un d\u00eda, s\u00e1tira social que permit\u00eda invertir jerarqu\u00edas. Con el Edicto de Tesal\u00f3nica en 380 d.C., el cristianismo adapt\u00f3 esta pr\u00e1ctica para la Epifan\u00eda \u2013la manifestaci\u00f3n de Jes\u00fas a los gentiles\u2013, reemplazando la moneda por un haba que simbolizaba la elecci\u00f3n del Ni\u00f1o Rey entre pastores humildes.<\/p>\n\n\n\n<p>Durante la Edad Media, Francia la perfeccion\u00f3 como \u201cg\u00e2teau des Rois\u201d en el siglo XIV, con masa hojaldrada y corona de papel. Espa\u00f1a la adopt\u00f3 como rosc\u00f3n, documentado en el \u201cLibro de las Fiestas\u201d de Felipe II (1570), donde nobles lo part\u00edan post-misa. Aunque lleg\u00f3 a Nueva Espa\u00f1a en el siglo XVI v\u00eda frailes, no aparece en recetarios virreinales como el de las monjas agustinas; se populariz\u00f3 hasta el Segundo Imperio (1864-1867), cuando pasteleros franceses como Pierre Sans introdujeron el bizcocho espumoso con ralladura de naranja y agua de azahar.<\/p>\n\n\n<div class=\"wp-block-image\">\n<figure class=\"alignright size-medium\"><img loading=\"lazy\" decoding=\"async\" width=\"300\" height=\"200\" src=\"https:\/\/www.ektunkul.com\/wp-content\/uploads\/2026\/01\/rosca-de-reyes-2-300x200.jpg\" alt=\"\" class=\"wp-image-539\" srcset=\"https:\/\/www.ektunkul.com\/wp-content\/uploads\/2026\/01\/rosca-de-reyes-2-300x200.jpg 300w, https:\/\/www.ektunkul.com\/wp-content\/uploads\/2026\/01\/rosca-de-reyes-2.jpg 612w\" sizes=\"auto, (max-width: 300px) 100vw, 300px\" \/><\/figure>\n<\/div>\n\n\n<p>Peri\u00f3dicos novohispanos tard\u00edos lo registran: <em>El Centinela Espa\u00f1ol<\/em> (1880) menciona \u201cpasteles de Reyes con haba\u201d como novedad europea; <em>La Voz de M\u00e9xico<\/em> (1886) celebra \u201cel bizcocho anual que alegra hogares\u201d. La rosca mexicana evolucion\u00f3: forma ovalada infinita simboliza amor divino eterno; frutas confitadas \u2013figos, aceitillas, cerezas\u2013 representan joyas de Melchor, Gaspar y Baltasar; la natilla evoca pureza. El haba cambi\u00f3 por 10-15 figuritas de Ni\u00f1o Dios en porcelana para multiplicar padrinos y evitar pleitos.<\/p>\n\n\n\n<p>El 6 de enero, familias se re\u00fanen post-misa de Epifan\u00eda: se parte la rosca rezando por paz, ni\u00f1os gritan \u201c\u00a1Ya sali\u00f3 el ni\u00f1o!\u201d al sacar figuras. El padrino viste al Ni\u00f1o con ropita bordada, lo pone en un pesebre y paga tamales el 2 de febrero \u2013bendici\u00f3n de velas y presentaci\u00f3n de Jes\u00fas en el Templo\u2013.<\/p>\n\n\n\n<p><strong>El puente a febrero: tamales y Candelaria<\/strong><\/p>\n\n\n<div class=\"wp-block-image\">\n<figure class=\"alignleft size-medium\"><img loading=\"lazy\" decoding=\"async\" width=\"300\" height=\"200\" src=\"https:\/\/www.ektunkul.com\/wp-content\/uploads\/2026\/01\/tamales-olla-300x200.jpg\" alt=\"\" class=\"wp-image-535\" srcset=\"https:\/\/www.ektunkul.com\/wp-content\/uploads\/2026\/01\/tamales-olla-300x200.jpg 300w, https:\/\/www.ektunkul.com\/wp-content\/uploads\/2026\/01\/tamales-olla.jpg 612w\" sizes=\"auto, (max-width: 300px) 100vw, 300px\" \/><figcaption class=\"wp-element-caption\">Preparing Tamales for cooking<\/figcaption><\/figure>\n<\/div>\n\n\n<p>Tamales, herencia olmeca (1200 a.C.), cierran el ciclo: masa de ma\u00edz nixtamalizado con grasa, rellenos de pollo, puerco, rajas o dulce, envueltos en hoja de ma\u00edz o pl\u00e1tano. Los aztecas los ofrendaban a Tl\u00e1loc en enero-febrero, mes de siembras y ; luego, durante la \u00e9poca de la colonia, se fusion\u00f3 con la Candelaria.<\/p>\n\n\n\n<p>En la pr\u00e1ctica, el 2 de febrero en los hogares hierven tamales en vaporeras \u2013rojos, verdes, de az\u00facar\u2013 mientras en las parroquias se organizan procesiones con velas.<\/p>\n\n\n<div class=\"wp-block-image\">\n<figure class=\"alignright size-medium\"><img loading=\"lazy\" decoding=\"async\" width=\"300\" height=\"200\" src=\"https:\/\/www.ektunkul.com\/wp-content\/uploads\/2026\/01\/tamales-300x200.jpg\" alt=\"\" class=\"wp-image-536\" srcset=\"https:\/\/www.ektunkul.com\/wp-content\/uploads\/2026\/01\/tamales-300x200.jpg 300w, https:\/\/www.ektunkul.com\/wp-content\/uploads\/2026\/01\/tamales.jpg 612w\" sizes=\"auto, (max-width: 300px) 100vw, 300px\" \/><\/figure>\n<\/div>\n\n\n<p>La rosca de reyes y los tamales no son un simple alimento, se trata de un ritual que ha evolucionado desde la \u00e9poca romana hasta nuestros d\u00edas en una tradici\u00f3n que si bien ya no se sigue al pie de la letra, s\u00ed mantiene el fondo de la celebraci\u00f3n: compartir pan, tamal y fe en un c\u00edrculo infinito.<\/p>","protected":false},"excerpt":{"rendered":"<p>La Rosca de Reyes, pan dulce ovalado relleno de natilla y coronado con frutas cristalizadas, es mucho m\u00e1s que un postre navide\u00f1o en M\u00e9xico: es el inicio de un ciclo festivo que une familias en torno al 6 de enero y se extiende hasta febrero con tamales humeantes. Esta tradici\u00f3n transforma hogares en centros de [&hellip;]<\/p>\n","protected":false},"author":2,"featured_media":544,"comment_status":"open","ping_status":"closed","sticky":false,"template":"","format":"standard","meta":{"jetpack_post_was_ever_published":false,"_jetpack_newsletter_access":"","_jetpack_dont_email_post_to_subs":false,"_jetpack_newsletter_tier_id":0,"_jetpack_memberships_contains_paywalled_content":false,"_jetpack_memberships_contains_paid_content":false,"footnotes":"","jetpack_publicize_message":"","jetpack_publicize_feature_enabled":true,"jetpack_social_post_already_shared":false,"jetpack_social_options":{"image_generator_settings":{"template":"highway","default_image_id":0,"font":"","enabled":false},"version":2}},"categories":[36,38],"tags":[123,122,120,121,118,115,119,117],"class_list":["post-528","post","type-post","status-publish","format-standard","has-post-thumbnail","hentry","category-gastronomia","category-tradiciones","tag-dia-de-la-candelaria","tag-fruta-cristalizada","tag-nino-jesus","tag-pan","tag-reyes-magos","tag-rosca-de-reyes","tag-tamales","tag-tradicion-2"],"jetpack_publicize_connections":[],"jetpack_featured_media_url":"https:\/\/www.ektunkul.com\/wp-content\/uploads\/2026\/01\/munequito.jpg","jetpack_sharing_enabled":true,"_links":{"self":[{"href":"https:\/\/www.ektunkul.com\/en\/wp-json\/wp\/v2\/posts\/528","targetHints":{"allow":["GET"]}}],"collection":[{"href":"https:\/\/www.ektunkul.com\/en\/wp-json\/wp\/v2\/posts"}],"about":[{"href":"https:\/\/www.ektunkul.com\/en\/wp-json\/wp\/v2\/types\/post"}],"author":[{"embeddable":true,"href":"https:\/\/www.ektunkul.com\/en\/wp-json\/wp\/v2\/users\/2"}],"replies":[{"embeddable":true,"href":"https:\/\/www.ektunkul.com\/en\/wp-json\/wp\/v2\/comments?post=528"}],"version-history":[{"count":1,"href":"https:\/\/www.ektunkul.com\/en\/wp-json\/wp\/v2\/posts\/528\/revisions"}],"predecessor-version":[{"id":545,"href":"https:\/\/www.ektunkul.com\/en\/wp-json\/wp\/v2\/posts\/528\/revisions\/545"}],"wp:featuredmedia":[{"embeddable":true,"href":"https:\/\/www.ektunkul.com\/en\/wp-json\/wp\/v2\/media\/544"}],"wp:attachment":[{"href":"https:\/\/www.ektunkul.com\/en\/wp-json\/wp\/v2\/media?parent=528"}],"wp:term":[{"taxonomy":"category","embeddable":true,"href":"https:\/\/www.ektunkul.com\/en\/wp-json\/wp\/v2\/categories?post=528"},{"taxonomy":"post_tag","embeddable":true,"href":"https:\/\/www.ektunkul.com\/en\/wp-json\/wp\/v2\/tags?post=528"}],"curies":[{"name":"wp","href":"https:\/\/api.w.org\/{rel}","templated":true}]}}