{"id":501,"date":"2026-01-29T01:46:39","date_gmt":"2026-01-29T01:46:39","guid":{"rendered":"https:\/\/www.ektunkul.com\/?p=501"},"modified":"2026-01-29T01:46:41","modified_gmt":"2026-01-29T01:46:41","slug":"informalidad-e-inseguridad-alejan-inversion-y-frenan-la-competitividad-regional","status":"publish","type":"post","link":"https:\/\/www.ektunkul.com\/en\/oportunidades\/informalidad-e-inseguridad-alejan-inversion-y-frenan-la-competitividad-regional\/","title":{"rendered":"Informalidad e inseguridad alejan inversi\u00f3n y frenan la competitividad regional"},"content":{"rendered":"<p>El Instituto Mexicano para la Competitividad (IMCO) lanz\u00f3 el primer \u00cdndice de Competitividad Regional (ICR) 2026, una herramienta que mide la capacidad de seis regiones del pa\u00eds para atraer inversi\u00f3n y talento, considerando el \u201cefecto de vecindad\u201d entre estados vecinos.<\/p>\n\n\n<div class=\"wp-block-image\">\n<figure class=\"aligncenter size-large is-resized\"><img loading=\"lazy\" decoding=\"async\" width=\"1024\" height=\"482\" src=\"https:\/\/www.ektunkul.com\/wp-content\/uploads\/2026\/01\/unnamed-1024x482.png\" alt=\"\" class=\"wp-image-502\" style=\"aspect-ratio:2.1245652861207716;width:572px;height:auto\" srcset=\"https:\/\/www.ektunkul.com\/wp-content\/uploads\/2026\/01\/unnamed-1024x482.png 1024w, https:\/\/www.ektunkul.com\/wp-content\/uploads\/2026\/01\/unnamed-300x141.png 300w, https:\/\/www.ektunkul.com\/wp-content\/uploads\/2026\/01\/unnamed-768x361.png 768w, https:\/\/www.ektunkul.com\/wp-content\/uploads\/2026\/01\/unnamed-1536x723.png 1536w, https:\/\/www.ektunkul.com\/wp-content\/uploads\/2026\/01\/unnamed.png 1600w\" sizes=\"auto, (max-width: 1024px) 100vw, 1024px\" \/><\/figure>\n<\/div>\n\n\n<p><strong>Obst\u00e1culos clave al desarrollo<\/strong><\/p>\n\n\n\n<p>El ICR 2026 revela barreras cr\u00edticas: alta informalidad laboral que ahuyenta talento, ca\u00edda en inversi\u00f3n extranjera directa, inseguridad que frena la retenci\u00f3n de capital y desigualdad salarial que limita la permanencia de profesionales. Estas fallas generan efectos en cadena, donde el rezago de un estado impacta a sus vecinos. La regi\u00f3n Noreste lidera con un ecosistema integrado de infraestructura, mercado laboral y productividad, mientras el Sur \u2014Istmo y Maya\u2014 sufre brechas en log\u00edstica, energ\u00eda y seguridad.<\/p>\n\n\n\n<p><strong>Desempe\u00f1o por regi\u00f3n<\/strong><\/p>\n\n\n\n<ul class=\"wp-block-list\">\n<li><strong>Noroeste y Noreste<\/strong>: Mejores percepciones de seguridad (31.9% y 32%), pero Noroeste registra la mayor tasa de homicidios (33.74 por 100 mil habitantes).<\/li>\n\n\n\n<li><strong>Baj\u00edo<\/strong>: L\u00edder en innovaci\u00f3n con 3.74 solicitudes de patentes por cada cien mil econ\u00f3micamente activos, aunque con baja mano de obra calificada (22.22%).<\/li>\n\n\n\n<li><strong>Centro<\/strong>: Alta atracci\u00f3n de talento por cobertura escolar (98.42%) y cualificaci\u00f3n (30.68%), pero d\u00e9bil retenci\u00f3n ante altos precios de vivienda.<\/li>\n\n\n\n<li><strong>Istmo y Maya<\/strong>: Bajos niveles de exportaciones (16.58%-18.23%), inversi\u00f3n extranjera (7.87%-10.32%) e informalidad elevada (hasta 73.08%), pese a recursos naturales abundantes.<\/li>\n<\/ul>\n\n\n\n<p><strong>Recomendaciones del IMCO<\/strong><\/p>\n\n\n<div class=\"wp-block-image\">\n<figure class=\"alignright size-medium is-resized\"><img loading=\"lazy\" decoding=\"async\" width=\"300\" height=\"214\" src=\"https:\/\/www.ektunkul.com\/wp-content\/uploads\/2026\/01\/hombre-computadora-maquintosh-apple-300x214.jpg\" alt=\"\" class=\"wp-image-416\" style=\"aspect-ratio:1.4019486039364415;width:315px;height:auto\" srcset=\"https:\/\/www.ektunkul.com\/wp-content\/uploads\/2026\/01\/hombre-computadora-maquintosh-apple-300x214.jpg 300w, https:\/\/www.ektunkul.com\/wp-content\/uploads\/2026\/01\/hombre-computadora-maquintosh-apple-1024x732.jpg 1024w, https:\/\/www.ektunkul.com\/wp-content\/uploads\/2026\/01\/hombre-computadora-maquintosh-apple-768x549.jpg 768w, https:\/\/www.ektunkul.com\/wp-content\/uploads\/2026\/01\/hombre-computadora-maquintosh-apple-1536x1097.jpg 1536w, https:\/\/www.ektunkul.com\/wp-content\/uploads\/2026\/01\/hombre-computadora-maquintosh-apple.jpg 2048w\" sizes=\"auto, (max-width: 300px) 100vw, 300px\" \/><\/figure>\n<\/div>\n\n\n<p>El IMCO urge competir como regiones unidas: empresas deben crear hubs de formaci\u00f3n compartida; gobiernos estatales, alinear agendas en informalidad y salud con metas interestatales; y el Gobierno Federal, priorizar nearshoring con incentivos para encadenamientos productivos y empleo formal. Esta visi\u00f3n regional desbloquea el potencial colectivo y multiplica el impacto de cada inversi\u00f3n.<\/p>\n\n\n\n<p>Si desea consultar el \u00cdndice de Competitividad, no dude en dar click en el siguiente enlace: <a href=\"https:\/\/bit.ly\/4qOa6Ez\">https:\/\/bit.ly\/4qOa6Ez<\/a><\/p>","protected":false},"excerpt":{"rendered":"<p>El Instituto Mexicano para la Competitividad (IMCO) lanz\u00f3 el primer \u00cdndice de Competitividad Regional (ICR) 2026, una herramienta que mide la capacidad de seis regiones del pa\u00eds para atraer inversi\u00f3n y talento, considerando el \u201cefecto de vecindad\u201d entre estados vecinos. Obst\u00e1culos clave al desarrollo El ICR 2026 revela barreras cr\u00edticas: alta informalidad laboral que ahuyenta [&hellip;]<\/p>\n","protected":false},"author":2,"featured_media":507,"comment_status":"open","ping_status":"closed","sticky":false,"template":"","format":"standard","meta":{"jetpack_post_was_ever_published":false,"_jetpack_newsletter_access":"","_jetpack_dont_email_post_to_subs":false,"_jetpack_newsletter_tier_id":0,"_jetpack_memberships_contains_paywalled_content":false,"_jetpack_memberships_contains_paid_content":false,"footnotes":"","jetpack_publicize_message":"","jetpack_publicize_feature_enabled":true,"jetpack_social_post_already_shared":false,"jetpack_social_options":{"image_generator_settings":{"template":"highway","default_image_id":0,"font":"","enabled":false},"version":2}},"categories":[79,78,83],"tags":[99,104,105,102,101,103,100],"class_list":["post-501","post","type-post","status-publish","format-standard","has-post-thumbnail","hentry","category-negocios","category-oportunidades","category-tecnologia","tag-competitividad","tag-empresas","tag-hub","tag-informalidad-laboral","tag-inseguridad","tag-inversion","tag-oportunidades"],"jetpack_publicize_connections":[],"jetpack_featured_media_url":"https:\/\/www.ektunkul.com\/wp-content\/uploads\/2026\/01\/Feria-empresarial-ok.jpg","jetpack_sharing_enabled":true,"_links":{"self":[{"href":"https:\/\/www.ektunkul.com\/en\/wp-json\/wp\/v2\/posts\/501","targetHints":{"allow":["GET"]}}],"collection":[{"href":"https:\/\/www.ektunkul.com\/en\/wp-json\/wp\/v2\/posts"}],"about":[{"href":"https:\/\/www.ektunkul.com\/en\/wp-json\/wp\/v2\/types\/post"}],"author":[{"embeddable":true,"href":"https:\/\/www.ektunkul.com\/en\/wp-json\/wp\/v2\/users\/2"}],"replies":[{"embeddable":true,"href":"https:\/\/www.ektunkul.com\/en\/wp-json\/wp\/v2\/comments?post=501"}],"version-history":[{"count":2,"href":"https:\/\/www.ektunkul.com\/en\/wp-json\/wp\/v2\/posts\/501\/revisions"}],"predecessor-version":[{"id":508,"href":"https:\/\/www.ektunkul.com\/en\/wp-json\/wp\/v2\/posts\/501\/revisions\/508"}],"wp:featuredmedia":[{"embeddable":true,"href":"https:\/\/www.ektunkul.com\/en\/wp-json\/wp\/v2\/media\/507"}],"wp:attachment":[{"href":"https:\/\/www.ektunkul.com\/en\/wp-json\/wp\/v2\/media?parent=501"}],"wp:term":[{"taxonomy":"category","embeddable":true,"href":"https:\/\/www.ektunkul.com\/en\/wp-json\/wp\/v2\/categories?post=501"},{"taxonomy":"post_tag","embeddable":true,"href":"https:\/\/www.ektunkul.com\/en\/wp-json\/wp\/v2\/tags?post=501"}],"curies":[{"name":"wp","href":"https:\/\/api.w.org\/{rel}","templated":true}]}}