{"id":353,"date":"2026-01-27T07:05:37","date_gmt":"2026-01-27T07:05:37","guid":{"rendered":"https:\/\/www.ektunkul.com\/?p=353"},"modified":"2026-02-11T03:49:31","modified_gmt":"2026-02-11T03:49:31","slug":"la-sociedad-ignorante","status":"publish","type":"post","link":"https:\/\/www.ektunkul.com\/en\/opinion\/la-sociedad-ignorante\/","title":{"rendered":"La sociedad ignorante"},"content":{"rendered":"<p>Ten\u00eda lista mi colaboraci\u00f3n para este espacio, pero decid\u00ed postergar su entrega. Le\u00ed el art\u00edculo de Guadalupe Loaeza, cuyo t\u00edtulo es Que nos caiga el veinte, el cual tiene elementos interesantes que me gustar\u00eda retomar sin que se considere una cr\u00edtica o ataque en su contra, ya que la escritora y articulista merece mi respeto y reconocimiento, con cuyo pensamiento no he estado de acuerdo desde hace muchos a\u00f1os.<\/p>\n\n\n\n<p>Apareci\u00f3 en mi vida cuando no ten\u00eda ni 20 a\u00f1os. No se me antojaba leerla. Lo hice, resultado de una conversaci\u00f3n con Gema, mi querid\u00edsima y entra\u00f1able amiga. Ambos somos resultado de la educaci\u00f3n p\u00fablica, de la cual estoy orgulloso y agradecido con la SEP y la UNAM. Evidentemente, nuestra extracci\u00f3n social y formaci\u00f3n acad\u00e9mica es totalmente opuesta. El pensamiento es distinto.<\/p>\n\n\n\n<p>Interesante que escriba para su generaci\u00f3n, los 80\u2019s y puede que de los 90\u2019s, porque esa frase que da el t\u00edtulo no la entienden las generaciones siguientes y menos las actuales. El libro que la lanz\u00f3 al reconocimiento, Las ni\u00f1as bien, publicado a mediados de los 80\u2019s, con una aparente cr\u00edtica y burla hacia ese segmento social, tuvo \u00e9xito, pues era diferente, ya que una persona de esa categor\u00eda se atrev\u00eda a hacer observaciones de lo que ocurr\u00eda entonces. Con sus diferencias, a\u00fan se puede ver sus costumbres referidas por la escritora, copiadas por los llamados <em>aspiracionistas, palabra <\/em>queretoma, aunque quien la usaba no sea de su agrado.<\/p>\n\n\n\n<p>Su texto me llev\u00f3 a pensar, necesariamente, en el clasismo. La forma en que menciona la nueva clase media que, ahora, puede darse algunos lujos, pero que no comparte, al sentirse fuera de lugar en un espacio con esas personas.<\/p>\n\n\n<div class=\"wp-block-image\">\n<figure class=\"aligncenter size-medium\"><img loading=\"lazy\" decoding=\"async\" width=\"198\" height=\"300\" src=\"https:\/\/www.ektunkul.com\/wp-content\/uploads\/2026\/01\/Libro-Las-Ninas-Bien-Guadalupe-Loaeza-198x300.jpg\" alt=\"\" class=\"wp-image-355\" srcset=\"https:\/\/www.ektunkul.com\/wp-content\/uploads\/2026\/01\/Libro-Las-Ninas-Bien-Guadalupe-Loaeza-198x300.jpg 198w, https:\/\/www.ektunkul.com\/wp-content\/uploads\/2026\/01\/Libro-Las-Ninas-Bien-Guadalupe-Loaeza-677x1024.jpg 677w, https:\/\/www.ektunkul.com\/wp-content\/uploads\/2026\/01\/Libro-Las-Ninas-Bien-Guadalupe-Loaeza-768x1161.jpg 768w, https:\/\/www.ektunkul.com\/wp-content\/uploads\/2026\/01\/Libro-Las-Ninas-Bien-Guadalupe-Loaeza.jpg 992w\" sizes=\"auto, (max-width: 198px) 100vw, 198px\" \/><\/figure>\n<\/div>\n\n\n<p>Otro elemento de su escrito es el relativo a que \u201c\u2026 la Presidenta tiene m\u00e1s del 70% de aceptaci\u00f3n, por eso M\u00e9xico ha cambiado, estamos en manos de una sociedad ignorante, no politizada y a la vez polarizada\u201d.<\/p>\n\n\n\n<p>Considero que existe un grado de ignorancia social, por usar esos t\u00e9rminos, resultado del desinter\u00e9s generado por la apat\u00eda de la gente a participar en asuntos de la <em>res social<\/em>, aunque por d\u00e9cadas ha sido as\u00ed, ante la forma en que se dise\u00f1\u00f3 la educaci\u00f3n p\u00fablica, lo cual fue profundizado en tiempos de los gobiernos panistas, al quitar del programa algunas materias. Sin embargo, tampoco coincido con esa idea, porque la aceptaci\u00f3n la tiene tambi\u00e9n de personas con formaci\u00f3n acad\u00e9mica, y hay quienes sin \u00e9sta, han adquirido conocimiento importante.<\/p>\n\n\n\n<p>No obstante, ahora las personas est\u00e1n m\u00e1s interesadas en asuntos pol\u00edticos en este per\u00edodo, como respuesta a la realidad que enfrentan. Es innegable que en estos a\u00f1os de inicio del siglo se ha visto diferencias en la forma de gobernar y la mejora econ\u00f3mica de familias con un bajo poder adquisitivo, quienes pueden acceder, ahora s\u00ed, a lo b\u00e1sico. Las d\u00e1divas que refieren permiten a muchos, al menos, tener para pasajes o comprar un poco m\u00e1s de comida.<\/p>\n\n\n\n<p>Lamentablemente, los logros son opacados por la corrupci\u00f3n, cultura que ha predominado en la clase pol\u00edtica y ha permeado en distintos sectores sociales. Una forma de ello, el tr\u00e1fico de influencias, como lo dice al finalizar su texto, sobre costumbres de sus amistades para que le consiga \u201cuna palanca\u201d para ayuda de cualquier tipo, como ayudar a un egresado de una universidad gringa a conseguir trabajo en alguna instituci\u00f3n laboral.<\/p>\n\n\n\n<p>Falta mucho para disminuirla y no creo que me toque ver, si ocurre, su erradicaci\u00f3n.<\/p>\n\n\n\n<p>Igual, no coincido con las afirmaciones de una sociedad polarizada. Quienes viven con lo menos y quieren mejorar, necesariamente piensan diferente que las personas que pueden pagar la cantidad que sea por alg\u00fan bien o servicio. La polarizaci\u00f3n tambi\u00e9n tiene d\u00e9cadas que ocurre, pero al no tener contacto con esa realidad, con esa diferencia de clases, clasismo, no lo mencionan u ocultan. Culpan a una persona o a un movimiento social de polarizar, al ser un discurso que sirve para culpar de inquietar a la gente. La gente ya estaba inquieta.<\/p>\n\n\n<div class=\"wp-block-image\">\n<figure class=\"aligncenter size-medium\"><img loading=\"lazy\" decoding=\"async\" width=\"300\" height=\"201\" src=\"https:\/\/www.ektunkul.com\/wp-content\/uploads\/2026\/01\/computadora-desesperacion-soledad-angustia-preocupacion-300x201.jpg\" alt=\"\" class=\"wp-image-362\" srcset=\"https:\/\/www.ektunkul.com\/wp-content\/uploads\/2026\/01\/computadora-desesperacion-soledad-angustia-preocupacion-300x201.jpg 300w, https:\/\/www.ektunkul.com\/wp-content\/uploads\/2026\/01\/computadora-desesperacion-soledad-angustia-preocupacion-1024x685.jpg 1024w, https:\/\/www.ektunkul.com\/wp-content\/uploads\/2026\/01\/computadora-desesperacion-soledad-angustia-preocupacion-768x513.jpg 768w, https:\/\/www.ektunkul.com\/wp-content\/uploads\/2026\/01\/computadora-desesperacion-soledad-angustia-preocupacion-1536x1027.jpg 1536w, https:\/\/www.ektunkul.com\/wp-content\/uploads\/2026\/01\/computadora-desesperacion-soledad-angustia-preocupacion.jpg 2048w\" sizes=\"auto, (max-width: 300px) 100vw, 300px\" \/><\/figure>\n<\/div>\n\n\n<p>Un elemento que ha servido para que las personas se alleguen informaci\u00f3n, buena o mala, es la tecnolog\u00eda. Las personas estamos condicionados a la tecnolog\u00eda, los adelantos cient\u00edficos. En el per\u00edodo de los m\u00e1s importantes movimientos sociales, la tecnolog\u00eda era limitada y los pueblos pudieron levantarse a protestar. Hab\u00eda lo que llaman polarizaci\u00f3n y no era tan notoria, porque la voz imperante estaba en los medios masivos de comunicaci\u00f3n, cuyos due\u00f1os tienen una ideolog\u00eda e intereses definidos.<\/p>\n\n\n\n<p>Entonces, \u00bflos se\u00f1alamientos de polarizaci\u00f3n que hace quienes tienen un espacio en medios de comunicaci\u00f3n masiva solo ocurren cuando es en contra del n\u00facleo econ\u00f3micamente dominante? Entonces, \u00bfellos no polarizan e infligen miedo a la gente que no verifica la informaci\u00f3n en redes sociales y noticiarios para generar, adem\u00e1s, miedo y sensaci\u00f3n de inseguridad?<\/p>\n\n\n\n<p>Dec\u00edan muchos de ellos que La Ma\u00f1anera, en sus dos versiones, la actual y la anterior, deb\u00eda desaparecer. Quieren regresar al monopolio informativo, en el que el aparato gubernamental los usaba para posicionar mensajes, mediante el pago respectivo. Ese espacio de informaci\u00f3n del gobierno es un acierto para, no equilibrar, sino posicionar mensajes sin estar condicionado a personas que controlan los <em>mass media<\/em>.<\/p>\n\n\n\n<p>Otro elemento en el que coincido es que \u201cM\u00e9xico ya no es el mismo\u201d, seg\u00fan su dicho. La informaci\u00f3n que la gente recibe en las ma\u00f1aneras del anterior y este gobierno, las hace menos ignorantes de la discusi\u00f3n en el espacio p\u00fablico, del otro lado de la luna informativa, invita a su participaci\u00f3n social, al recibir las cuentas que da el gobierno de su actividad, y permite conocer que muchos de los datos que expresan los conductores son falsos, con alguna intencionalidad, o por falta de profesionalismo, lo cual dice mucho.<\/p>\n\n\n\n<p><\/p>","protected":false},"excerpt":{"rendered":"<p>Ten\u00eda lista mi colaboraci\u00f3n para este espacio, pero decid\u00ed postergar su entrega. Le\u00ed el art\u00edculo de Guadalupe Loaeza, cuyo t\u00edtulo es Que nos caiga el veinte, el cual tiene elementos interesantes que me gustar\u00eda retomar sin que se considere una cr\u00edtica o ataque en su contra, ya que la escritora y articulista merece mi respeto [&hellip;]<\/p>\n","protected":false},"author":3,"featured_media":358,"comment_status":"open","ping_status":"closed","sticky":false,"template":"","format":"standard","meta":{"jetpack_post_was_ever_published":false,"_jetpack_newsletter_access":"","_jetpack_dont_email_post_to_subs":false,"_jetpack_newsletter_tier_id":0,"_jetpack_memberships_contains_paywalled_content":false,"_jetpack_memberships_contains_paid_content":false,"footnotes":"","jetpack_publicize_message":"","jetpack_publicize_feature_enabled":true,"jetpack_social_post_already_shared":false,"jetpack_social_options":{"image_generator_settings":{"template":"highway","default_image_id":0,"font":"","enabled":false},"version":2}},"categories":[413,77],"tags":[47,48,44,45,46,49],"class_list":["post-353","post","type-post","status-publish","format-standard","has-post-thumbnail","hentry","category-comunicacion-y-poder","category-opinion","tag-autora","tag-critica-social","tag-guadalupe-loaeza","tag-las-ninas-bien","tag-libro","tag-opinion"],"jetpack_publicize_connections":[],"jetpack_featured_media_url":"https:\/\/www.ektunkul.com\/wp-content\/uploads\/2026\/01\/PUBLICO-ASISTENCIA-CONCIERTO-e1769492040948.jpeg","jetpack_sharing_enabled":true,"_links":{"self":[{"href":"https:\/\/www.ektunkul.com\/en\/wp-json\/wp\/v2\/posts\/353","targetHints":{"allow":["GET"]}}],"collection":[{"href":"https:\/\/www.ektunkul.com\/en\/wp-json\/wp\/v2\/posts"}],"about":[{"href":"https:\/\/www.ektunkul.com\/en\/wp-json\/wp\/v2\/types\/post"}],"author":[{"embeddable":true,"href":"https:\/\/www.ektunkul.com\/en\/wp-json\/wp\/v2\/users\/3"}],"replies":[{"embeddable":true,"href":"https:\/\/www.ektunkul.com\/en\/wp-json\/wp\/v2\/comments?post=353"}],"version-history":[{"count":6,"href":"https:\/\/www.ektunkul.com\/en\/wp-json\/wp\/v2\/posts\/353\/revisions"}],"predecessor-version":[{"id":440,"href":"https:\/\/www.ektunkul.com\/en\/wp-json\/wp\/v2\/posts\/353\/revisions\/440"}],"wp:featuredmedia":[{"embeddable":true,"href":"https:\/\/www.ektunkul.com\/en\/wp-json\/wp\/v2\/media\/358"}],"wp:attachment":[{"href":"https:\/\/www.ektunkul.com\/en\/wp-json\/wp\/v2\/media?parent=353"}],"wp:term":[{"taxonomy":"category","embeddable":true,"href":"https:\/\/www.ektunkul.com\/en\/wp-json\/wp\/v2\/categories?post=353"},{"taxonomy":"post_tag","embeddable":true,"href":"https:\/\/www.ektunkul.com\/en\/wp-json\/wp\/v2\/tags?post=353"}],"curies":[{"name":"wp","href":"https:\/\/api.w.org\/{rel}","templated":true}]}}