{"id":1798,"date":"2026-05-01T23:11:14","date_gmt":"2026-05-01T23:11:14","guid":{"rendered":"https:\/\/www.ektunkul.com\/?p=1798"},"modified":"2026-05-01T23:11:14","modified_gmt":"2026-05-01T23:11:14","slug":"plataformas-digitales-generan-nuevas-desigualdades-alerta-nestor-garcia-canclini","status":"publish","type":"post","link":"https:\/\/www.ektunkul.com\/en\/social\/plataformas-digitales-generan-nuevas-desigualdades-alerta-nestor-garcia-canclini\/","title":{"rendered":"Plataformas digitales generan nuevas desigualdades, alerta N\u00e9stor Garc\u00eda Canclini"},"content":{"rendered":"<p>El antrop\u00f3logo argentino N\u00e9stor Garc\u00eda Canclini advirti\u00f3 que las redes sociodigitales nos convierten en \u201cciudadanos monitoreados\u201d. Al usar correo electr\u00f3nico, redes sociales, tr\u00e1mites en l\u00ednea o compartir rutas, deseos y gustos, alimentamos sensores, c\u00e1maras y algoritmos con nuestros datos personales. Estos sistemas, que crecieron durante la pandemia, se han consolidado como herramientas de vigilancia masiva.<\/p>\n\n\n<div class=\"wp-block-image\">\n<figure class=\"alignleft size-medium\"><img loading=\"lazy\" decoding=\"async\" width=\"300\" height=\"151\" src=\"https:\/\/www.ektunkul.com\/wp-content\/uploads\/2026\/05\/2563-300x151.jpg\" alt=\"\" class=\"wp-image-1799\" srcset=\"https:\/\/www.ektunkul.com\/wp-content\/uploads\/2026\/05\/2563-300x151.jpg 300w, https:\/\/www.ektunkul.com\/wp-content\/uploads\/2026\/05\/2563-1024x516.jpg 1024w, https:\/\/www.ektunkul.com\/wp-content\/uploads\/2026\/05\/2563-768x387.jpg 768w, https:\/\/www.ektunkul.com\/wp-content\/uploads\/2026\/05\/2563-1536x775.jpg 1536w, https:\/\/www.ektunkul.com\/wp-content\/uploads\/2026\/05\/2563-2048x1033.jpg 2048w, https:\/\/www.ektunkul.com\/wp-content\/uploads\/2026\/05\/2563-18x9.jpg 18w\" sizes=\"auto, (max-width: 300px) 100vw, 300px\" \/><\/figure>\n<\/div>\n\n\n<p>El especialista dict\u00f3 la conferencia \u201c<em>Los nuevos otros: \u00bfCon qui\u00e9nes conversamos en las plataformas digitales?\u201d<\/em> en la Facultad de Ciencias Pol\u00edticas y Sociales de la Universidad Nacional Aut\u00f3noma de M\u00e9xico.<\/p>\n\n\n\n<p><\/p>\n\n\n\n<p><strong>De la promesa horizontal a la sociedad vigilada<\/strong><\/p>\n\n\n\n<p>Las tecnolog\u00edas digitales promet\u00edan horizontalidad frente a la videopol\u00edtica que aleja a las \u00e9lites. En los 2000, se ve\u00eda en ellas un espacio para recuperar la voz p\u00fablica y organizarnos. Hoy, pliegos petitorios y marchas se convocan en Instagram, Facebook y X, pero su propiedad por corporaciones y alianzas con gobiernos nos lleva de la sociedad civil a la de vigilancia.<\/p>\n\n\n\n<p>El experto destac\u00f3 c\u00f3mo las plataformas y la IA revolucionan convivencias, disputas de poder e interacciones entre personas, comunidades e instituciones, generando nuevas formas de \u201cotredad\u201d y desigualdad: \u00abexisten grupos de conversaci\u00f3n presenciales en las redes, pero los dispositivos nos a\u00edslan de la convivencia comunitaria\u00bb.<\/p>\n\n\n<div class=\"wp-block-image\">\n<figure class=\"alignright size-medium\"><img loading=\"lazy\" decoding=\"async\" width=\"300\" height=\"225\" src=\"https:\/\/www.ektunkul.com\/wp-content\/uploads\/2026\/05\/2562-300x225.jpg\" alt=\"\" class=\"wp-image-1800\" srcset=\"https:\/\/www.ektunkul.com\/wp-content\/uploads\/2026\/05\/2562-300x225.jpg 300w, https:\/\/www.ektunkul.com\/wp-content\/uploads\/2026\/05\/2562-1024x769.jpg 1024w, https:\/\/www.ektunkul.com\/wp-content\/uploads\/2026\/05\/2562-768x577.jpg 768w, https:\/\/www.ektunkul.com\/wp-content\/uploads\/2026\/05\/2562-1536x1154.jpg 1536w, https:\/\/www.ektunkul.com\/wp-content\/uploads\/2026\/05\/2562-2048x1538.jpg 2048w, https:\/\/www.ektunkul.com\/wp-content\/uploads\/2026\/05\/2562-16x12.jpg 16w\" sizes=\"auto, (max-width: 300px) 100vw, 300px\" \/><\/figure>\n<\/div>\n\n\n<p>Garc\u00eda Canclini propuso dos ejes clave para entender c\u00f3mo conversamos hoy en d\u00eda, cada vez m\u00e1s dependientes de la tecnolog\u00eda. El primero aborda los cambios en la participaci\u00f3n ciudadana, que pasa de la videopol\u00edtica televisiva a las redes sociodigitales, y de la hegemon\u00eda de la televisi\u00f3n a la gesti\u00f3n algor\u00edtmica de las plataformas. El segundo se centra en la transformaci\u00f3n de la conversaci\u00f3n social, donde la informaci\u00f3n se atomiza, las asambleas, partidos y medios colectivos pierden fuerza, y se priorizan las interacciones individuales a trav\u00e9s de m\u00f3viles.<\/p>\n\n\n\n<p>Las ciencias sociales, sobre todo en el campo de la comunicaci\u00f3n, han revelado diferencias claras: los medios masivos constru\u00edan agendas colectivas con debates p\u00fablicos, mientras que las plataformas corporativas fragmentan audiencias y datos. En M\u00e9xico surgieron defensores de audiencias contra sesgos medi\u00e1ticos, pero ahora enfrentamos un panorama m\u00e1s atomizado.<\/p>","protected":false},"excerpt":{"rendered":"<p>\u00ab&#8230;las plataformas y la IA revolucionan convivencias, disputas de poder e interacciones entre personas, comunidades e instituciones,&#8230;\u00bb.<\/p>","protected":false},"author":2,"featured_media":1801,"comment_status":"open","ping_status":"","sticky":false,"template":"","format":"standard","meta":{"jetpack_post_was_ever_published":false,"_jetpack_newsletter_access":"","_jetpack_dont_email_post_to_subs":false,"_jetpack_newsletter_tier_id":0,"_jetpack_memberships_contains_paywalled_content":false,"_jetpack_memberships_contains_paid_content":false,"footnotes":"","jetpack_publicize_message":"","jetpack_publicize_feature_enabled":true,"jetpack_social_post_already_shared":true,"jetpack_social_options":{"image_generator_settings":{"template":"highway","default_image_id":0,"font":"","enabled":false},"version":2}},"categories":[80,83],"tags":[1799,1792,1796,1795,1785,1791,1794,1788,1800,204,1801,1789,1786,1787,1797,1802,1793,1798,1790],"class_list":["post-1798","post","type-post","status-publish","format-standard","has-post-thumbnail","hentry","category-social","category-tecnologia","tag-artificial-intelligence","tag-atomizacion-informacion","tag-data-surveillance","tag-dependencia-tecnologica","tag-desigualdad-digital","tag-digital-inequality","tag-digital-platforms","tag-fcpys-unam","tag-information-atomization","tag-inteligencia-artificial","tag-nestor-garcia-canclini-2","tag-nestor-garcia-canclini","tag-plataformas-digitales","tag-redes-sociodigitales","tag-sociodigital-networks","tag-technological-dependence","tag-videopolitica","tag-videopolitics","tag-vigilancia-datos"],"jetpack_publicize_connections":[],"jetpack_featured_media_url":"https:\/\/www.ektunkul.com\/wp-content\/uploads\/2026\/05\/256_25-scaled.jpg","jetpack_sharing_enabled":true,"_links":{"self":[{"href":"https:\/\/www.ektunkul.com\/en\/wp-json\/wp\/v2\/posts\/1798","targetHints":{"allow":["GET"]}}],"collection":[{"href":"https:\/\/www.ektunkul.com\/en\/wp-json\/wp\/v2\/posts"}],"about":[{"href":"https:\/\/www.ektunkul.com\/en\/wp-json\/wp\/v2\/types\/post"}],"author":[{"embeddable":true,"href":"https:\/\/www.ektunkul.com\/en\/wp-json\/wp\/v2\/users\/2"}],"replies":[{"embeddable":true,"href":"https:\/\/www.ektunkul.com\/en\/wp-json\/wp\/v2\/comments?post=1798"}],"version-history":[{"count":4,"href":"https:\/\/www.ektunkul.com\/en\/wp-json\/wp\/v2\/posts\/1798\/revisions"}],"predecessor-version":[{"id":1805,"href":"https:\/\/www.ektunkul.com\/en\/wp-json\/wp\/v2\/posts\/1798\/revisions\/1805"}],"wp:featuredmedia":[{"embeddable":true,"href":"https:\/\/www.ektunkul.com\/en\/wp-json\/wp\/v2\/media\/1801"}],"wp:attachment":[{"href":"https:\/\/www.ektunkul.com\/en\/wp-json\/wp\/v2\/media?parent=1798"}],"wp:term":[{"taxonomy":"category","embeddable":true,"href":"https:\/\/www.ektunkul.com\/en\/wp-json\/wp\/v2\/categories?post=1798"},{"taxonomy":"post_tag","embeddable":true,"href":"https:\/\/www.ektunkul.com\/en\/wp-json\/wp\/v2\/tags?post=1798"}],"curies":[{"name":"wp","href":"https:\/\/api.w.org\/{rel}","templated":true}]}}