{"id":1709,"date":"2026-04-24T00:29:27","date_gmt":"2026-04-24T00:29:27","guid":{"rendered":"https:\/\/www.ektunkul.com\/?p=1709"},"modified":"2026-04-24T00:29:27","modified_gmt":"2026-04-24T00:29:27","slug":"infraestructura-energetica-a-prueba-el-sector-industrial-ante-el-verano-del-mundial-2026","status":"publish","type":"post","link":"https:\/\/www.ektunkul.com\/en\/negocios\/infraestructura-energetica-a-prueba-el-sector-industrial-ante-el-verano-del-mundial-2026\/","title":{"rendered":"Infraestructura energ\u00e9tica a prueba: el sector industrial ante el verano del Mundial 2026"},"content":{"rendered":"<p>La proximidad de la competencia de futbol m\u00e1s relevante a nivel global plantea un desaf\u00edo estructural para M\u00e9xico que va m\u00e1s all\u00e1 de la log\u00edstica deportiva, centr\u00edfug\u00e1ndose en la capacidad de respuesta del sistema el\u00e9ctrico nacional.<\/p>\n\n\n<div class=\"wp-block-image\">\n<figure class=\"alignleft size-medium\"><img loading=\"lazy\" decoding=\"async\" width=\"300\" height=\"200\" src=\"https:\/\/www.ektunkul.com\/wp-content\/uploads\/2026\/01\/soccer-570836-300x200.jpg\" alt=\"\" class=\"wp-image-413\" srcset=\"https:\/\/www.ektunkul.com\/wp-content\/uploads\/2026\/01\/soccer-570836-300x200.jpg 300w, https:\/\/www.ektunkul.com\/wp-content\/uploads\/2026\/01\/soccer-570836-1024x683.jpg 1024w, https:\/\/www.ektunkul.com\/wp-content\/uploads\/2026\/01\/soccer-570836-768x512.jpg 768w, https:\/\/www.ektunkul.com\/wp-content\/uploads\/2026\/01\/soccer-570836-1536x1024.jpg 1536w, https:\/\/www.ektunkul.com\/wp-content\/uploads\/2026\/01\/soccer-570836-2048x1365.jpg 2048w\" sizes=\"auto, (max-width: 300px) 100vw, 300px\" \/><\/figure>\n<\/div>\n\n\n<p>Con la Ciudad de M\u00e9xico, Guadalajara y Monterrey como sedes principales, el evento coincide con la temporada de verano, periodo que hist\u00f3ricamente registra los \u00edndices m\u00e1s altos de demanda energ\u00e9tica en el pa\u00eds.<\/p>\n\n\n\n<p>Ante la expectativa de recibir a 5.5 millones de visitantes, la infraestructura nacional deber\u00e1 gestionar un excedente de consumo en los meses de junio y julio, desafiando las capacidades de generaci\u00f3n y distribuci\u00f3n en un momento donde el sistema suele operar bajo condiciones de estr\u00e9s t\u00e9rmico.<\/p>\n\n\n\n<p>De acuerdo con los registros del Programa de Desarrollo del Sistema El\u00e9ctrico Nacional, la demanda m\u00e1xima integrada del Sistema Interconectado Nacional ocurre sistem\u00e1ticamente entre junio y agosto, como se observ\u00f3 en 2023 cuando las olas de calor elevaron el consumo por encima de los 51 mil megavatios hora.<\/p>\n\n\n<div class=\"wp-block-image\">\n<figure class=\"alignright size-medium\"><img loading=\"lazy\" decoding=\"async\" width=\"300\" height=\"164\" src=\"https:\/\/www.ektunkul.com\/wp-content\/uploads\/2026\/04\/Energia-2-300x164.png\" alt=\"\" class=\"wp-image-1712\" srcset=\"https:\/\/www.ektunkul.com\/wp-content\/uploads\/2026\/04\/Energia-2-300x164.png 300w, https:\/\/www.ektunkul.com\/wp-content\/uploads\/2026\/04\/Energia-2-1024x559.png 1024w, https:\/\/www.ektunkul.com\/wp-content\/uploads\/2026\/04\/Energia-2-768x419.png 768w, https:\/\/www.ektunkul.com\/wp-content\/uploads\/2026\/04\/Energia-2-18x10.png 18w, https:\/\/www.ektunkul.com\/wp-content\/uploads\/2026\/04\/Energia-2.png 1408w\" sizes=\"auto, (max-width: 300px) 100vw, 300px\" \/><\/figure>\n<\/div>\n\n\n<p>Emiliano S\u00e1nchez, Director de Suministro Calificado de Energ\u00eda Real, se\u00f1ala que este panorama subraya la urgencia de blindar el sector industrial mexicano. Para el directivo, la colaboraci\u00f3n entre los sectores p\u00fablico y privado resulta fundamental para mitigar la presi\u00f3n sobre la red y asegurar que las posibles intermitencias derivadas del aumento en la demanda no comprometan la productividad de las empresas.<\/p>\n\n\n\n<p>En este contexto, la adopci\u00f3n de Sistemas de Almacenamiento de Energ\u00eda mediante Bater\u00edas, conocidos como BESS, se presenta como una soluci\u00f3n estrat\u00e9gica para garantizar la continuidad operativa.<\/p>\n\n\n\n<p>Estos sistemas funcionan como un respaldo inmediato frente a las variaciones de voltaje o interrupciones en el suministro, protegiendo la integridad de maquinaria cr\u00edtica y evitando las p\u00e9rdidas econ\u00f3micas vinculadas a paros no programados.<\/p>\n\n\n<div class=\"wp-block-image\">\n<figure class=\"alignleft size-medium\"><img loading=\"lazy\" decoding=\"async\" width=\"300\" height=\"167\" src=\"https:\/\/www.ektunkul.com\/wp-content\/uploads\/2026\/04\/Energia-4-300x167.png\" alt=\"\" class=\"wp-image-1710\" srcset=\"https:\/\/www.ektunkul.com\/wp-content\/uploads\/2026\/04\/Energia-4-300x167.png 300w, https:\/\/www.ektunkul.com\/wp-content\/uploads\/2026\/04\/Energia-4-1024x572.png 1024w, https:\/\/www.ektunkul.com\/wp-content\/uploads\/2026\/04\/Energia-4-768x429.png 768w, https:\/\/www.ektunkul.com\/wp-content\/uploads\/2026\/04\/Energia-4-18x10.png 18w, https:\/\/www.ektunkul.com\/wp-content\/uploads\/2026\/04\/Energia-4.png 1376w\" sizes=\"auto, (max-width: 300px) 100vw, 300px\" \/><\/figure>\n<\/div>\n\n\n<p>Las industrias que operan dentro del Mercado El\u00e9ctrico Mayorista bajo el esquema de Suministro Calificado pueden utilizar estas tecnolog\u00edas para optimizar su perfil de consumo, gestionando de mejor manera la volatilidad de los precios en el mercado spot y los cargos adicionales por balance de potencia durante los periodos de mayor saturaci\u00f3n.<\/p>\n\n\n\n<p>A pesar de que las autoridades federales y locales han establecido grupos de seguimiento junto a la Comisi\u00f3n Federal de Electricidad para garantizar la confiabilidad en las ciudades sede, la responsabilidad de la previsi\u00f3n recae tambi\u00e9n en el sector empresarial.<\/p>\n\n\n\n<p>S\u00e1nchez advierte que, si bien el impacto econ\u00f3mico de ser anfitriones de un evento de clase mundial es positivo, la industria debe anticipar sus necesidades energ\u00e9ticas para proteger sus presupuestos y capacidad de producci\u00f3n. En \u00faltima instancia, la preparaci\u00f3n ante los picos de demanda estival y el incremento del consumo tur\u00edstico ser\u00e1 el factor determinante para que el sector industrial mantenga su estabilidad durante este acontecimiento hist\u00f3rico.<\/p>","protected":false},"excerpt":{"rendered":"<p>Con la Ciudad de M\u00e9xico, Guadalajara y Monterrey como sedes principales, el evento coincide con la temporada de verano&#8230;<\/p>","protected":false},"author":2,"featured_media":1713,"comment_status":"open","ping_status":"","sticky":false,"template":"","format":"standard","meta":{"jetpack_post_was_ever_published":false,"_jetpack_newsletter_access":"","_jetpack_dont_email_post_to_subs":false,"_jetpack_newsletter_tier_id":0,"_jetpack_memberships_contains_paywalled_content":false,"_jetpack_memberships_contains_paid_content":false,"footnotes":"","jetpack_publicize_message":"","jetpack_publicize_feature_enabled":true,"jetpack_social_post_already_shared":true,"jetpack_social_options":{"image_generator_settings":{"template":"highway","default_image_id":0,"font":"","enabled":false},"version":2}},"categories":[81,79,83],"tags":[1552,1555,1561,1560,1550,1549,1551,1553,1564,1558,1556,84,1563,1554,1562,1559,1565,1557],"class_list":["post-1709","post","type-post","status-publish","format-standard","has-post-thumbnail","hentry","category-deportes","category-negocios","category-tecnologia","tag-almacenamiento","tag-bess","tag-demand","tag-demanda","tag-electricidad","tag-electricity","tag-energia","tag-energy","tag-grid","tag-industria","tag-industry","tag-mexico","tag-red","tag-storage","tag-suministro","tag-summer","tag-supply","tag-verano"],"jetpack_publicize_connections":[],"jetpack_featured_media_url":"https:\/\/www.ektunkul.com\/wp-content\/uploads\/2026\/04\/Energia.png","jetpack_sharing_enabled":true,"_links":{"self":[{"href":"https:\/\/www.ektunkul.com\/en\/wp-json\/wp\/v2\/posts\/1709","targetHints":{"allow":["GET"]}}],"collection":[{"href":"https:\/\/www.ektunkul.com\/en\/wp-json\/wp\/v2\/posts"}],"about":[{"href":"https:\/\/www.ektunkul.com\/en\/wp-json\/wp\/v2\/types\/post"}],"author":[{"embeddable":true,"href":"https:\/\/www.ektunkul.com\/en\/wp-json\/wp\/v2\/users\/2"}],"replies":[{"embeddable":true,"href":"https:\/\/www.ektunkul.com\/en\/wp-json\/wp\/v2\/comments?post=1709"}],"version-history":[{"count":1,"href":"https:\/\/www.ektunkul.com\/en\/wp-json\/wp\/v2\/posts\/1709\/revisions"}],"predecessor-version":[{"id":1714,"href":"https:\/\/www.ektunkul.com\/en\/wp-json\/wp\/v2\/posts\/1709\/revisions\/1714"}],"wp:featuredmedia":[{"embeddable":true,"href":"https:\/\/www.ektunkul.com\/en\/wp-json\/wp\/v2\/media\/1713"}],"wp:attachment":[{"href":"https:\/\/www.ektunkul.com\/en\/wp-json\/wp\/v2\/media?parent=1709"}],"wp:term":[{"taxonomy":"category","embeddable":true,"href":"https:\/\/www.ektunkul.com\/en\/wp-json\/wp\/v2\/categories?post=1709"},{"taxonomy":"post_tag","embeddable":true,"href":"https:\/\/www.ektunkul.com\/en\/wp-json\/wp\/v2\/tags?post=1709"}],"curies":[{"name":"wp","href":"https:\/\/api.w.org\/{rel}","templated":true}]}}