{"id":1661,"date":"2026-04-21T21:58:15","date_gmt":"2026-04-21T21:58:15","guid":{"rendered":"https:\/\/www.ektunkul.com\/?p=1661"},"modified":"2026-04-21T21:58:15","modified_gmt":"2026-04-21T21:58:15","slug":"vamos-a-darlo-todo-en-tulum-y-buscar-un-gran-resultado-valeria-aranda","status":"publish","type":"post","link":"https:\/\/www.ektunkul.com\/en\/deportes\/vamos-a-darlo-todo-en-tulum-y-buscar-un-gran-resultado-valeria-aranda\/","title":{"rendered":"\u00abVamos a darlo todo en Tulum y buscar un gran resultado\u00bb: Valeria Aranda"},"content":{"rendered":"<p>La piloto hidalguense Valeria Aranda se prepara para un reto in\u00e9dito en la tercera fecha de la temporada 2026 de Trucks M\u00e9xico Series, que se correr\u00e1 este fin de semana en el Aeropuerto Internacional de Tulum, una sede completamente nueva para el campeonato.<\/p>\n\n\n\n<p>\u00abVamos a darlo todo en Tulum y buscar un gran resultado\u00bb, se\u00f1al\u00f3.<\/p>\n\n\n<div class=\"wp-block-image\">\n<figure class=\"alignleft size-medium\"><img loading=\"lazy\" decoding=\"async\" width=\"300\" height=\"200\" src=\"https:\/\/www.ektunkul.com\/wp-content\/uploads\/2026\/04\/Valeria-Aranda-2-3-300x200.jpg\" alt=\"\" class=\"wp-image-1663\" srcset=\"https:\/\/www.ektunkul.com\/wp-content\/uploads\/2026\/04\/Valeria-Aranda-2-3-300x200.jpg 300w, https:\/\/www.ektunkul.com\/wp-content\/uploads\/2026\/04\/Valeria-Aranda-2-3-1024x683.jpg 1024w, https:\/\/www.ektunkul.com\/wp-content\/uploads\/2026\/04\/Valeria-Aranda-2-3-768x512.jpg 768w, https:\/\/www.ektunkul.com\/wp-content\/uploads\/2026\/04\/Valeria-Aranda-2-3-18x12.jpg 18w, https:\/\/www.ektunkul.com\/wp-content\/uploads\/2026\/04\/Valeria-Aranda-2-3.jpg 1500w\" sizes=\"auto, (max-width: 300px) 100vw, 300px\" \/><\/figure>\n<\/div>\n\n\n<p>Al volante de la camioneta #27 Bizzarro\u2013TelecomDistrict, Aranda llega en triple empate en el liderato con 89 puntos, ocupando la tercera posici\u00f3n general tras un arranque s\u00f3lido. Este \u00f3valo temporal promete probar la adaptaci\u00f3n de todos los equipos con un formato especial: tres pr\u00e1cticas el viernes, una m\u00e1s el s\u00e1bado y calificaci\u00f3n por duelos.<\/p>\n\n\n\n<p>La carrera principal se disputar\u00e1 el domingo a las 16:30 horas, con condiciones de pista que anticipan alta intensidad y mucho contacto.<\/p>\n\n\n\n<p>\u00abEstoy emocionada, aunque tambi\u00e9n es un poco incierto lo que puede pasar en esta nueva sede. Es una pista completamente nueva para todos, pero estoy segura de que tanto las Trucks como NASCAR M\u00e9xico Series van a dar un gran espect\u00e1culo\u00bb, declar\u00f3 Aranda.<\/p>\n\n\n<div class=\"wp-block-image\">\n<figure class=\"alignright size-medium\"><img loading=\"lazy\" decoding=\"async\" width=\"300\" height=\"200\" src=\"https:\/\/www.ektunkul.com\/wp-content\/uploads\/2026\/04\/Valeria-Aranda-3-3-300x200.jpg\" alt=\"\" class=\"wp-image-1664\" srcset=\"https:\/\/www.ektunkul.com\/wp-content\/uploads\/2026\/04\/Valeria-Aranda-3-3-300x200.jpg 300w, https:\/\/www.ektunkul.com\/wp-content\/uploads\/2026\/04\/Valeria-Aranda-3-3-1024x683.jpg 1024w, https:\/\/www.ektunkul.com\/wp-content\/uploads\/2026\/04\/Valeria-Aranda-3-3-768x512.jpg 768w, https:\/\/www.ektunkul.com\/wp-content\/uploads\/2026\/04\/Valeria-Aranda-3-3-18x12.jpg 18w, https:\/\/www.ektunkul.com\/wp-content\/uploads\/2026\/04\/Valeria-Aranda-3-3.jpg 1500w\" sizes=\"auto, (max-width: 300px) 100vw, 300px\" \/><\/figure>\n<\/div>\n\n\n<p>La competidora del Aranda Racing Team subray\u00f3 que est\u00e1 en la pelea por el liderato \u201cas\u00ed que el objetivo ser\u00e1 sumar puntos importantes, cuidar la camioneta y mantenernos enfocados en el campeonato. Sabemos que ser\u00e1 una carrera de mucho contacto, as\u00ed que habr\u00e1 que manejar con cabeza fr\u00eda\u201d.<\/p>\n\n\n\n<p>Con este escenario novedoso, Aranda buscar\u00e1 capitalizar la fecha para afianzarse en la cima y avanzar en su camino al t\u00edtulo 2026.<\/p>","protected":false},"excerpt":{"rendered":"<p>La piloto hidalguense Valeria Aranda se prepara para un reto in\u00e9dito en la tercera fecha de la temporada 2026 de Trucks M\u00e9xico Series, que se correr\u00e1 este fin de semana en el Aeropuerto Internacional de Tulum, una sede completamente nueva para el campeonato. \u00abVamos a darlo todo en Tulum y buscar un gran resultado\u00bb, se\u00f1al\u00f3. [&hellip;]<\/p>\n","protected":false},"author":2,"featured_media":1662,"comment_status":"open","ping_status":"","sticky":false,"template":"","format":"standard","meta":{"jetpack_post_was_ever_published":false,"_jetpack_newsletter_access":"","_jetpack_dont_email_post_to_subs":false,"_jetpack_newsletter_tier_id":0,"_jetpack_memberships_contains_paywalled_content":false,"_jetpack_memberships_contains_paid_content":false,"footnotes":"","jetpack_publicize_message":"","jetpack_publicize_feature_enabled":true,"jetpack_social_post_already_shared":true,"jetpack_social_options":{"image_generator_settings":{"template":"highway","default_image_id":0,"font":"","enabled":false},"version":2}},"categories":[801,81],"tags":[1495,1487,822,1491,1196,1494,1489,1490,1493,1201,1033,1488,1492,1195],"class_list":["post-1661","post","type-post","status-publish","format-standard","has-post-thumbnail","hentry","category-automovilismo","category-deportes","tag-2026-title","tag-aeropuerto-internacional-tulum","tag-aranda-racing-team","tag-bizzarro-telecomdistrict","tag-camioneta-27","tag-championship-lead","tag-liderato-campeonato","tag-quintana-roo","tag-titulo-2026","tag-truck-27","tag-trucks-mexico-series","tag-tulum","tag-tulum-international-airport","tag-valeria-aranda"],"jetpack_publicize_connections":[],"jetpack_featured_media_url":"https:\/\/www.ektunkul.com\/wp-content\/uploads\/2026\/04\/Valeria-Aranda-1-2.jpg","jetpack_sharing_enabled":true,"_links":{"self":[{"href":"https:\/\/www.ektunkul.com\/en\/wp-json\/wp\/v2\/posts\/1661","targetHints":{"allow":["GET"]}}],"collection":[{"href":"https:\/\/www.ektunkul.com\/en\/wp-json\/wp\/v2\/posts"}],"about":[{"href":"https:\/\/www.ektunkul.com\/en\/wp-json\/wp\/v2\/types\/post"}],"author":[{"embeddable":true,"href":"https:\/\/www.ektunkul.com\/en\/wp-json\/wp\/v2\/users\/2"}],"replies":[{"embeddable":true,"href":"https:\/\/www.ektunkul.com\/en\/wp-json\/wp\/v2\/comments?post=1661"}],"version-history":[{"count":1,"href":"https:\/\/www.ektunkul.com\/en\/wp-json\/wp\/v2\/posts\/1661\/revisions"}],"predecessor-version":[{"id":1665,"href":"https:\/\/www.ektunkul.com\/en\/wp-json\/wp\/v2\/posts\/1661\/revisions\/1665"}],"wp:featuredmedia":[{"embeddable":true,"href":"https:\/\/www.ektunkul.com\/en\/wp-json\/wp\/v2\/media\/1662"}],"wp:attachment":[{"href":"https:\/\/www.ektunkul.com\/en\/wp-json\/wp\/v2\/media?parent=1661"}],"wp:term":[{"taxonomy":"category","embeddable":true,"href":"https:\/\/www.ektunkul.com\/en\/wp-json\/wp\/v2\/categories?post=1661"},{"taxonomy":"post_tag","embeddable":true,"href":"https:\/\/www.ektunkul.com\/en\/wp-json\/wp\/v2\/tags?post=1661"}],"curies":[{"name":"wp","href":"https:\/\/api.w.org\/{rel}","templated":true}]}}