{"id":1578,"date":"2026-04-15T10:00:00","date_gmt":"2026-04-15T10:00:00","guid":{"rendered":"https:\/\/www.ektunkul.com\/?p=1578"},"modified":"2026-04-15T05:21:28","modified_gmt":"2026-04-15T05:21:28","slug":"nascar-aterriza-en-tulum-ruben-garcia-jr-llega-en-busca-de-su-tercer-triunfo-consecutivo","status":"publish","type":"post","link":"https:\/\/www.ektunkul.com\/en\/deportes\/nascar-aterriza-en-tulum-ruben-garcia-jr-llega-en-busca-de-su-tercer-triunfo-consecutivo\/","title":{"rendered":"NASCAR aterriza en Tulum: Rub\u00e9n Garc\u00eda Jr. llega en busca de su tercer triunfo consecutivo"},"content":{"rendered":"<p>El Aeropuerto Internacional Felipe Carrillo Puerto de Tulum se convertir\u00e1 en pista de carreras por primera vez en la historia cuando reciba la tercera fecha de la NASCAR M\u00e9xico Series los d\u00edas 25 y 26 de abril. El evento, denominado Tulum 100, marcar\u00e1 la llegada de la categor\u00eda al Caribe mexicano y se combinar\u00e1 con el Tulum Air Show 2026.<\/p>\n\n\n<div class=\"wp-block-image\">\n<figure class=\"alignright size-medium\"><img loading=\"lazy\" decoding=\"async\" width=\"300\" height=\"233\" src=\"https:\/\/www.ektunkul.com\/wp-content\/uploads\/2026\/04\/publi-nascar-300x233.jpg\" alt=\"\" class=\"wp-image-1585\" srcset=\"https:\/\/www.ektunkul.com\/wp-content\/uploads\/2026\/04\/publi-nascar-300x233.jpg 300w, https:\/\/www.ektunkul.com\/wp-content\/uploads\/2026\/04\/publi-nascar-1024x795.jpg 1024w, https:\/\/www.ektunkul.com\/wp-content\/uploads\/2026\/04\/publi-nascar-768x596.jpg 768w, https:\/\/www.ektunkul.com\/wp-content\/uploads\/2026\/04\/publi-nascar-1536x1192.jpg 1536w, https:\/\/www.ektunkul.com\/wp-content\/uploads\/2026\/04\/publi-nascar-15x12.jpg 15w, https:\/\/www.ektunkul.com\/wp-content\/uploads\/2026\/04\/publi-nascar.jpg 2048w\" sizes=\"auto, (max-width: 300px) 100vw, 300px\" \/><\/figure>\n<\/div>\n\n\n<p>El piloto capitalino Rub\u00e9n Garc\u00eda Jr., al volante del auto No. 88 de Canel\u2019s\/Logitech G\/Mobil\/Laboratorio Tequis, llegar\u00e1 a Tulum con la mira puesta en conseguir su tercer triunfo consecutivo de la temporada 2026.<\/p>\n\n\n\n<p>\u201cVoy a Tulum por mi tercer triunfo consecutivo en la temporada\u201d, declar\u00f3 el piloto. Garc\u00eda Jr. ya se impuso en las dos primeras fechas del calendario: San Luis Potos\u00ed y Chiapas, consolid\u00e1ndose como uno de los grandes favoritos para la carrera en Quintana Roo.<\/p>\n\n\n\n<p>El piloto record\u00f3 que esta temporada es muy diferente a la del a\u00f1o pasado, cuando un accidente lo dej\u00f3 sin un chasis competitivo durante el resto del a\u00f1o. \u201cUna temporada muy diferente a la del a\u00f1o pasado donde despu\u00e9s del accidente que tuve, nunca logramos tener un chasis ganador el resto del a\u00f1o. Le buscamos por todas partes pero no se logr\u00f3 volverlo competitivo\u201d, coment\u00f3.<\/p>\n\n\n<div class=\"wp-block-image\">\n<figure class=\"alignleft size-medium\"><img loading=\"lazy\" decoding=\"async\" width=\"240\" height=\"300\" src=\"https:\/\/www.ektunkul.com\/wp-content\/uploads\/2026\/04\/aeropuerto-Tulum-240x300.jpg\" alt=\"\" class=\"wp-image-1584\" srcset=\"https:\/\/www.ektunkul.com\/wp-content\/uploads\/2026\/04\/aeropuerto-Tulum-240x300.jpg 240w, https:\/\/www.ektunkul.com\/wp-content\/uploads\/2026\/04\/aeropuerto-Tulum-819x1024.jpg 819w, https:\/\/www.ektunkul.com\/wp-content\/uploads\/2026\/04\/aeropuerto-Tulum-768x960.jpg 768w, https:\/\/www.ektunkul.com\/wp-content\/uploads\/2026\/04\/aeropuerto-Tulum-10x12.jpg 10w, https:\/\/www.ektunkul.com\/wp-content\/uploads\/2026\/04\/aeropuerto-Tulum.jpg 1080w\" sizes=\"auto, (max-width: 240px) 100vw, 240px\" \/><\/figure>\n<\/div>\n\n\n<p>El programa del evento incluye heats clasificatorios el s\u00e1bado 25 de abril y la Gran Carrera Tulum 100 el domingo 26, acompa\u00f1ada de exhibiciones a\u00e9reas de la Fuerza A\u00e9rea Mexicana, paracaidismo y un desfile a\u00e9reo masivo.<\/p>\n\n\n\n<p>Adem\u00e1s de la acci\u00f3n en pista, los asistentes podr\u00e1n disfrutar de la Fan Zone, el Hangar de Entretenimiento y diversas activaciones dentro de las instalaciones del aeropuerto m\u00e1s moderno de M\u00e9xico.<\/p>\n\n\n\n<p>Los boletos ya est\u00e1n a la venta como abono de dos d\u00edas a trav\u00e9s de The Hive Tickets. Se recomienda adquirirlos con anticipaci\u00f3n ante la alta expectativa generada por este evento hist\u00f3rico que une el automovilismo de alto nivel con un espectacular show a\u00e9reo en el para\u00edso del Caribe mexicano.<\/p>","protected":false},"excerpt":{"rendered":"<p>El Aeropuerto Internacional Felipe Carrillo Puerto de Tulum se convertir\u00e1 en pista de carreras por primera vez en la historia cuando reciba la tercera fecha de la NASCAR M\u00e9xico Series los d\u00edas 25 y 26 de abril. El evento, denominado Tulum 100, marcar\u00e1 la llegada de la categor\u00eda al Caribe mexicano y se combinar\u00e1 con [&hellip;]<\/p>\n","protected":false},"author":4,"featured_media":1583,"comment_status":"open","ping_status":"closed","sticky":false,"template":"","format":"standard","meta":{"jetpack_post_was_ever_published":false,"_jetpack_newsletter_access":"","_jetpack_dont_email_post_to_subs":false,"_jetpack_newsletter_tier_id":0,"_jetpack_memberships_contains_paywalled_content":false,"_jetpack_memberships_contains_paid_content":false,"footnotes":"","jetpack_publicize_message":"El Aeropuerto Internacional Felipe Carrillo Puerto de Tulum se convertir\u00e1 en pista de carreras por primera vez en la historia ","jetpack_publicize_feature_enabled":true,"jetpack_social_post_already_shared":true,"jetpack_social_options":{"image_generator_settings":{"template":"highway","default_image_id":0,"font":"","enabled":false},"version":2}},"categories":[801,81],"tags":[1378,1384,1380,1381,1375,1162,792,1377,1383,1387,1376,1385,1389,1379,1386,1382,1388],"class_list":["post-1578","post","type-post","status-publish","format-standard","has-post-thumbnail","hentry","category-automovilismo","category-deportes","tag-air-show-tulum-2026","tag-boletos-nascar-tulum-nascar-tulum","tag-carreras-nascar-quintana-roo","tag-gran-premio-tulum-100","tag-nascar-aeropuerto-tulum","tag-nascar-mexico-series-2026-2","tag-nascar-mexico-series-2026","tag-nascar-mexico-tulum","tag-nascar-mexico-tulum-2","tag-nascar-races-quintana-roo","tag-nascar-tulum","tag-nascar-tulum-airport","tag-nascar-tulum-tickets","tag-tulum-100-nascar","tag-tulum-air-show-2026","tag-tulum-air-show-nascar","tag-tulum-grand-prix-100"],"jetpack_publicize_connections":[],"jetpack_featured_media_url":"https:\/\/www.ektunkul.com\/wp-content\/uploads\/2026\/04\/NASCAR-012127-scaled.jpg","jetpack_sharing_enabled":true,"_links":{"self":[{"href":"https:\/\/www.ektunkul.com\/en\/wp-json\/wp\/v2\/posts\/1578","targetHints":{"allow":["GET"]}}],"collection":[{"href":"https:\/\/www.ektunkul.com\/en\/wp-json\/wp\/v2\/posts"}],"about":[{"href":"https:\/\/www.ektunkul.com\/en\/wp-json\/wp\/v2\/types\/post"}],"author":[{"embeddable":true,"href":"https:\/\/www.ektunkul.com\/en\/wp-json\/wp\/v2\/users\/4"}],"replies":[{"embeddable":true,"href":"https:\/\/www.ektunkul.com\/en\/wp-json\/wp\/v2\/comments?post=1578"}],"version-history":[{"count":2,"href":"https:\/\/www.ektunkul.com\/en\/wp-json\/wp\/v2\/posts\/1578\/revisions"}],"predecessor-version":[{"id":1587,"href":"https:\/\/www.ektunkul.com\/en\/wp-json\/wp\/v2\/posts\/1578\/revisions\/1587"}],"wp:featuredmedia":[{"embeddable":true,"href":"https:\/\/www.ektunkul.com\/en\/wp-json\/wp\/v2\/media\/1583"}],"wp:attachment":[{"href":"https:\/\/www.ektunkul.com\/en\/wp-json\/wp\/v2\/media?parent=1578"}],"wp:term":[{"taxonomy":"category","embeddable":true,"href":"https:\/\/www.ektunkul.com\/en\/wp-json\/wp\/v2\/categories?post=1578"},{"taxonomy":"post_tag","embeddable":true,"href":"https:\/\/www.ektunkul.com\/en\/wp-json\/wp\/v2\/tags?post=1578"}],"curies":[{"name":"wp","href":"https:\/\/api.w.org\/{rel}","templated":true}]}}