{"id":1500,"date":"2026-03-30T15:50:44","date_gmt":"2026-03-30T15:50:44","guid":{"rendered":"https:\/\/www.ektunkul.com\/?p=1500"},"modified":"2026-03-30T15:50:47","modified_gmt":"2026-03-30T15:50:47","slug":"valeria-aranda-repite-podio-en-chiapas","status":"publish","type":"post","link":"https:\/\/www.ektunkul.com\/en\/deportes\/valeria-aranda-repite-podio-en-chiapas\/","title":{"rendered":"Valeria Aranda repite podio en Chiapas"},"content":{"rendered":"<p>Valeria Aranda logr\u00f3 su segundo podio consecutivo en la temporada 2026 de Trucks M\u00e9xico Series al finalizar en tercer lugar este domingo en el S\u00faper \u00d3valo Chiapas.<\/p>\n\n\n<div class=\"wp-block-image\">\n<figure class=\"alignleft size-medium\"><img loading=\"lazy\" decoding=\"async\" width=\"300\" height=\"200\" src=\"https:\/\/www.ektunkul.com\/wp-content\/uploads\/2026\/03\/Valeria-Aranda-CHIS3-300x200.jpg\" alt=\"\" class=\"wp-image-1503\" srcset=\"https:\/\/www.ektunkul.com\/wp-content\/uploads\/2026\/03\/Valeria-Aranda-CHIS3-300x200.jpg 300w, https:\/\/www.ektunkul.com\/wp-content\/uploads\/2026\/03\/Valeria-Aranda-CHIS3-1024x683.jpg 1024w, https:\/\/www.ektunkul.com\/wp-content\/uploads\/2026\/03\/Valeria-Aranda-CHIS3-768x512.jpg 768w, https:\/\/www.ektunkul.com\/wp-content\/uploads\/2026\/03\/Valeria-Aranda-CHIS3-18x12.jpg 18w, https:\/\/www.ektunkul.com\/wp-content\/uploads\/2026\/03\/Valeria-Aranda-CHIS3.jpg 1500w\" sizes=\"auto, (max-width: 300px) 100vw, 300px\" \/><\/figure>\n<\/div>\n\n\n<p>Al volante de la camioneta #27 del Aranda Racing Team, la piloto hidalguense complet\u00f3 las 110 vueltas de manera constante, sumando puntos importantes tanto en el primer stage (5\u00b0 lugar) como en el segundo (3\u00b0 lugar), para cerrar en el tercer puesto final.<\/p>\n\n\n\n<p>\u201cTuve una buena pelea con Jan Krull y Everardo Fonseca, muy limpia. Agradezco al equipo y a mis patrocinadores Bizzarro y Telecom District por este gran resultado. Vamos a seguir empujando\u201d, declar\u00f3 Aranda.<\/p>\n\n\n\n<p>Con este resultado, la hidalguense se mantiene como una de las protagonistas m\u00e1s constantes del campeonato.<\/p>\n\n\n<div class=\"wp-block-image\">\n<figure class=\"alignright size-medium\"><img loading=\"lazy\" decoding=\"async\" width=\"300\" height=\"200\" src=\"https:\/\/www.ektunkul.com\/wp-content\/uploads\/2026\/03\/23-PODIO-CHALENGE-DIMAYUGA-VECCHI-BARRALES-300x200.jpeg\" alt=\"\" class=\"wp-image-1501\" srcset=\"https:\/\/www.ektunkul.com\/wp-content\/uploads\/2026\/03\/23-PODIO-CHALENGE-DIMAYUGA-VECCHI-BARRALES-300x200.jpeg 300w, https:\/\/www.ektunkul.com\/wp-content\/uploads\/2026\/03\/23-PODIO-CHALENGE-DIMAYUGA-VECCHI-BARRALES-1024x683.jpeg 1024w, https:\/\/www.ektunkul.com\/wp-content\/uploads\/2026\/03\/23-PODIO-CHALENGE-DIMAYUGA-VECCHI-BARRALES-768x512.jpeg 768w, https:\/\/www.ektunkul.com\/wp-content\/uploads\/2026\/03\/23-PODIO-CHALENGE-DIMAYUGA-VECCHI-BARRALES-1536x1024.jpeg 1536w, https:\/\/www.ektunkul.com\/wp-content\/uploads\/2026\/03\/23-PODIO-CHALENGE-DIMAYUGA-VECCHI-BARRALES-2048x1365.jpeg 2048w, https:\/\/www.ektunkul.com\/wp-content\/uploads\/2026\/03\/23-PODIO-CHALENGE-DIMAYUGA-VECCHI-BARRALES-18x12.jpeg 18w\" sizes=\"auto, (max-width: 300px) 100vw, 300px\" \/><\/figure>\n<\/div>\n\n\n<p>En la Challenge Series, Giancarlo Vecchi (Ford #75) se llev\u00f3 la victoria en la \u201cChiapas Extraordinario por Naturaleza 200\u201d tras una cerrada pelea con pilotos de NASCAR M\u00e9xico. Andrik Dimayuga termin\u00f3 segundo y V\u00edctor Barrales tercero.<\/p>\n\n\n\n<p><strong>Top 5 Challenge Series:<\/strong><\/p>\n\n\n\n<ol class=\"wp-block-list\">\n<li>Giancarlo Vecchi<\/li>\n\n\n\n<li>Andrik Dimayuga<\/li>\n\n\n\n<li>V\u00edctor Barrales<\/li>\n\n\n\n<li>Emiliano Richards<\/li>\n\n\n\n<li>Regina Sirvent<\/li>\n<\/ol>\n\n\n\n<p>La pr\u00f3xima fecha de Trucks M\u00e9xico Series se disputar\u00e1 el 25 y 26 de abril en el Aeropuerto Internacional de Tulum, por primera vez en la historia del campeonato.<\/p>","protected":false},"excerpt":{"rendered":"<p>Valeria Aranda logr\u00f3 su segundo podio consecutivo en la temporada 2026 de Trucks M\u00e9xico Series al finalizar en tercer lugar este domingo en el S\u00faper \u00d3valo Chiapas. Al volante de la camioneta #27 del Aranda Racing Team, la piloto hidalguense complet\u00f3 las 110 vueltas de manera constante, sumando puntos importantes tanto en el primer stage [&hellip;]<\/p>\n","protected":false},"author":4,"featured_media":1502,"comment_status":"open","ping_status":"closed","sticky":false,"template":"","format":"standard","meta":{"jetpack_post_was_ever_published":false,"_jetpack_newsletter_access":"","_jetpack_dont_email_post_to_subs":false,"_jetpack_newsletter_tier_id":0,"_jetpack_memberships_contains_paywalled_content":false,"_jetpack_memberships_contains_paid_content":false,"footnotes":"","jetpack_publicize_message":"","jetpack_publicize_feature_enabled":true,"jetpack_social_post_already_shared":true,"jetpack_social_options":{"image_generator_settings":{"template":"highway","default_image_id":0,"font":"","enabled":false},"version":2}},"categories":[801,81],"tags":[],"class_list":["post-1500","post","type-post","status-publish","format-standard","has-post-thumbnail","hentry","category-automovilismo","category-deportes"],"jetpack_publicize_connections":[],"jetpack_featured_media_url":"https:\/\/www.ektunkul.com\/wp-content\/uploads\/2026\/03\/Valeria-Aranda-CHIS2.jpg","jetpack_sharing_enabled":true,"_links":{"self":[{"href":"https:\/\/www.ektunkul.com\/en\/wp-json\/wp\/v2\/posts\/1500","targetHints":{"allow":["GET"]}}],"collection":[{"href":"https:\/\/www.ektunkul.com\/en\/wp-json\/wp\/v2\/posts"}],"about":[{"href":"https:\/\/www.ektunkul.com\/en\/wp-json\/wp\/v2\/types\/post"}],"author":[{"embeddable":true,"href":"https:\/\/www.ektunkul.com\/en\/wp-json\/wp\/v2\/users\/4"}],"replies":[{"embeddable":true,"href":"https:\/\/www.ektunkul.com\/en\/wp-json\/wp\/v2\/comments?post=1500"}],"version-history":[{"count":1,"href":"https:\/\/www.ektunkul.com\/en\/wp-json\/wp\/v2\/posts\/1500\/revisions"}],"predecessor-version":[{"id":1505,"href":"https:\/\/www.ektunkul.com\/en\/wp-json\/wp\/v2\/posts\/1500\/revisions\/1505"}],"wp:featuredmedia":[{"embeddable":true,"href":"https:\/\/www.ektunkul.com\/en\/wp-json\/wp\/v2\/media\/1502"}],"wp:attachment":[{"href":"https:\/\/www.ektunkul.com\/en\/wp-json\/wp\/v2\/media?parent=1500"}],"wp:term":[{"taxonomy":"category","embeddable":true,"href":"https:\/\/www.ektunkul.com\/en\/wp-json\/wp\/v2\/categories?post=1500"},{"taxonomy":"post_tag","embeddable":true,"href":"https:\/\/www.ektunkul.com\/en\/wp-json\/wp\/v2\/tags?post=1500"}],"curies":[{"name":"wp","href":"https:\/\/api.w.org\/{rel}","templated":true}]}}