{"id":1480,"date":"2026-03-26T00:33:26","date_gmt":"2026-03-26T00:33:26","guid":{"rendered":"https:\/\/www.ektunkul.com\/?p=1480"},"modified":"2026-03-26T00:33:29","modified_gmt":"2026-03-26T00:33:29","slug":"valeria-aranda-llega-a-chiapas-peleando-el-liderato-de-trucks-mexico-series","status":"publish","type":"post","link":"https:\/\/www.ektunkul.com\/en\/deportes\/valeria-aranda-llega-a-chiapas-peleando-el-liderato-de-trucks-mexico-series\/","title":{"rendered":"Valeria Aranda llega a Chiapas peleando el liderato de Trucks M\u00e9xico Series"},"content":{"rendered":"<p>La piloto hidalguense Valeria Aranda se presenta con fuerza en la segunda fecha de la Trucks M\u00e9xico Series 2026, que se disputar\u00e1 este fin de semana en el S\u00faper \u00d3valo Chiapas, donde buscar\u00e1 mantenerse en la pelea directa por el campeonato.<\/p>\n\n\n<div class=\"wp-block-image\">\n<figure class=\"alignleft size-medium\"><img loading=\"lazy\" decoding=\"async\" width=\"300\" height=\"200\" src=\"https:\/\/www.ektunkul.com\/wp-content\/uploads\/2026\/03\/Valeria-Aranda-2-1-300x200.jpg\" alt=\"\" class=\"wp-image-1482\" srcset=\"https:\/\/www.ektunkul.com\/wp-content\/uploads\/2026\/03\/Valeria-Aranda-2-1-300x200.jpg 300w, https:\/\/www.ektunkul.com\/wp-content\/uploads\/2026\/03\/Valeria-Aranda-2-1-1024x683.jpg 1024w, https:\/\/www.ektunkul.com\/wp-content\/uploads\/2026\/03\/Valeria-Aranda-2-1-768x512.jpg 768w, https:\/\/www.ektunkul.com\/wp-content\/uploads\/2026\/03\/Valeria-Aranda-2-1-18x12.jpg 18w, https:\/\/www.ektunkul.com\/wp-content\/uploads\/2026\/03\/Valeria-Aranda-2-1.jpg 1500w\" sizes=\"auto, (max-width: 300px) 100vw, 300px\" \/><\/figure>\n<\/div>\n\n\n<p>Al volante de la camioneta #27 Bizzarro\u2013TelecomDistrict, Aranda llega motivada despu\u00e9s de conseguir un podio en la fecha inaugural. Con 44 puntos, ocupa la segunda posici\u00f3n del campeonato, a solo un punto del l\u00edder.<\/p>\n\n\n\n<p>La piloto del Aranda Racing Team buscar\u00e1 capitalizar su buen arranque de temporada para sumar un nuevo podio o incluso luchar por la victoria en un \u00f3valo que exige precisi\u00f3n y constancia.<\/p>\n\n\n\n<p>Las actividades en el S\u00faper \u00d3valo Chiapas (1.2 km) iniciar\u00e1n el s\u00e1bado con pr\u00e1ctica y calificaci\u00f3n. La carrera principal se disputar\u00e1 el domingo a las 11:20 horas, a 110 vueltas, con stages en la vuelta 30 y 60.<\/p>\n\n\n\n<p>\u201cVenimos con buen ritmo y motivaci\u00f3n para seguir sumando puntos importantes desde temprano en la temporada\u201d, se\u00f1al\u00f3 Aranda, quien sabe que la constancia ser\u00e1 clave en el nuevo formato de \u201cChase\u201d que definir\u00e1 al campe\u00f3n.<\/p>\n\n\n\n<p><\/p>","protected":false},"excerpt":{"rendered":"<p>La piloto hidalguense Valeria Aranda se presenta con fuerza en la segunda fecha de la Trucks M\u00e9xico Series 2026, que se disputar\u00e1 este fin de semana en el S\u00faper \u00d3valo Chiapas, donde buscar\u00e1 mantenerse en la pelea directa por el campeonato. Al volante de la camioneta #27 Bizzarro\u2013TelecomDistrict, Aranda llega motivada despu\u00e9s de conseguir un [&hellip;]<\/p>\n","protected":false},"author":2,"featured_media":1483,"comment_status":"open","ping_status":"closed","sticky":false,"template":"","format":"standard","meta":{"jetpack_post_was_ever_published":false,"_jetpack_newsletter_access":"","_jetpack_dont_email_post_to_subs":false,"_jetpack_newsletter_tier_id":0,"_jetpack_memberships_contains_paywalled_content":false,"_jetpack_memberships_contains_paid_content":false,"footnotes":"","jetpack_publicize_message":"","jetpack_publicize_feature_enabled":true,"jetpack_social_post_already_shared":true,"jetpack_social_options":{"image_generator_settings":{"template":"highway","default_image_id":0,"font":"","enabled":false},"version":2}},"categories":[801,81],"tags":[822,1196,1193,1197,530,1201,1198,1194,1202,1203,1033,1040,1195,1199,1200],"class_list":["post-1480","post","type-post","status-publish","format-standard","has-post-thumbnail","hentry","category-automovilismo","category-deportes","tag-aranda-racing-team","tag-camioneta-27","tag-podio-trucks-mexico","tag-super-ovalo-chiapas-2","tag-super-ovalo-chiapas","tag-truck-27","tag-trucks-mexico-2026-2","tag-trucks-mexico-2026","tag-trucks-mexico-chiapas","tag-trucks-mexico-podium","tag-trucks-mexico-series","tag-trucks-mexico-series-2","tag-valeria-aranda","tag-valeria-aranda-chiapas","tag-valeria-aranda-trucks"],"jetpack_publicize_connections":[],"jetpack_featured_media_url":"https:\/\/www.ektunkul.com\/wp-content\/uploads\/2026\/03\/Valeria-Aranda-1-1.jpg","jetpack_sharing_enabled":true,"_links":{"self":[{"href":"https:\/\/www.ektunkul.com\/en\/wp-json\/wp\/v2\/posts\/1480","targetHints":{"allow":["GET"]}}],"collection":[{"href":"https:\/\/www.ektunkul.com\/en\/wp-json\/wp\/v2\/posts"}],"about":[{"href":"https:\/\/www.ektunkul.com\/en\/wp-json\/wp\/v2\/types\/post"}],"author":[{"embeddable":true,"href":"https:\/\/www.ektunkul.com\/en\/wp-json\/wp\/v2\/users\/2"}],"replies":[{"embeddable":true,"href":"https:\/\/www.ektunkul.com\/en\/wp-json\/wp\/v2\/comments?post=1480"}],"version-history":[{"count":1,"href":"https:\/\/www.ektunkul.com\/en\/wp-json\/wp\/v2\/posts\/1480\/revisions"}],"predecessor-version":[{"id":1484,"href":"https:\/\/www.ektunkul.com\/en\/wp-json\/wp\/v2\/posts\/1480\/revisions\/1484"}],"wp:featuredmedia":[{"embeddable":true,"href":"https:\/\/www.ektunkul.com\/en\/wp-json\/wp\/v2\/media\/1483"}],"wp:attachment":[{"href":"https:\/\/www.ektunkul.com\/en\/wp-json\/wp\/v2\/media?parent=1480"}],"wp:term":[{"taxonomy":"category","embeddable":true,"href":"https:\/\/www.ektunkul.com\/en\/wp-json\/wp\/v2\/categories?post=1480"},{"taxonomy":"post_tag","embeddable":true,"href":"https:\/\/www.ektunkul.com\/en\/wp-json\/wp\/v2\/tags?post=1480"}],"curies":[{"name":"wp","href":"https:\/\/api.w.org\/{rel}","templated":true}]}}