{"id":1393,"date":"2026-03-24T01:55:00","date_gmt":"2026-03-24T01:55:00","guid":{"rendered":"https:\/\/www.ektunkul.com\/?p=1393"},"modified":"2026-03-24T01:55:04","modified_gmt":"2026-03-24T01:55:04","slug":"conflicto-en-medio-oriente-eleva-incertidumbre-y-frena-recorte-de-tasas-de-banxico","status":"publish","type":"post","link":"https:\/\/www.ektunkul.com\/en\/negocios\/conflicto-en-medio-oriente-eleva-incertidumbre-y-frena-recorte-de-tasas-de-banxico\/","title":{"rendered":"Conflicto en Medio Oriente eleva incertidumbre y frena recorte de tasas de Banxico"},"content":{"rendered":"<p>La escalada del conflicto en Medio Oriente, que ya cumple tres semanas, ha generado un entorno de alta volatilidad en los mercados financieros globales, de acuerdo con la \u201cPerspectiva Semanal\u201d Banorte correspondiente a la semana del 23 al 27 de marzo de 2026, cuyo equipo de an\u00e1lisis econ\u00f3mico y de mercados advierte que el cierre del Estrecho de Ormuz y las afectaciones a instalaciones energ\u00e9ticas han impulsado el precio del Brent por encima de los 100 d\u00f3lares por barril \u2014su nivel m\u00e1s alto desde 2022\u2014, junto con alzas en gas natural, gasolinas y fertilizantes.<\/p>\n\n\n<div class=\"wp-block-image\">\n<figure class=\"alignleft size-medium\"><img loading=\"lazy\" decoding=\"async\" width=\"300\" height=\"200\" src=\"https:\/\/www.ektunkul.com\/wp-content\/uploads\/2026\/03\/Gaza_noche_-Amnistia-Internacional-300x200.jpg\" alt=\"\" class=\"wp-image-1396\" srcset=\"https:\/\/www.ektunkul.com\/wp-content\/uploads\/2026\/03\/Gaza_noche_-Amnistia-Internacional-300x200.jpg 300w, https:\/\/www.ektunkul.com\/wp-content\/uploads\/2026\/03\/Gaza_noche_-Amnistia-Internacional-768x512.jpg 768w, https:\/\/www.ektunkul.com\/wp-content\/uploads\/2026\/03\/Gaza_noche_-Amnistia-Internacional-18x12.jpg 18w, https:\/\/www.ektunkul.com\/wp-content\/uploads\/2026\/03\/Gaza_noche_-Amnistia-Internacional.jpg 850w\" sizes=\"auto, (max-width: 300px) 100vw, 300px\" \/><\/figure>\n<\/div>\n\n\n<p>Esta disrupci\u00f3n en las cadenas de suministro y el riesgo de un choque energ\u00e9tico m\u00e1s persistente han provocado una recalibraci\u00f3n de las expectativas de tasas de inter\u00e9s tanto en econom\u00edas desarrolladas como emergentes. \u201cLa evoluci\u00f3n de los mercados depender\u00e1 de si las autoridades monetarias consideran el fen\u00f3meno transitorio o el inicio de un estado m\u00e1s persistente\u201d, se\u00f1ala la \u201cCarta al Inversionista\u201d firmada por Alejandro Padilla Santana, Director General Adjunto de An\u00e1lisis Econ\u00f3mico y Financiero de Banorte.<\/p>\n\n\n\n<p>Ante este panorama, Banorte modific\u00f3 su previsi\u00f3n para la decisi\u00f3n de pol\u00edtica monetaria de Banxico del pr\u00f3ximo jueves 26 de marzo: ahora espera que la tasa de referencia se mantenga sin cambios en 7.00%, cuando anteriormente anticipaba un recorte de 25 puntos base. El mercado, que hace unas semanas descontaba casi por completo un recorte, ahora solo le asigna alrededor del 12% de probabilidad. No obstante, el banco mantiene su pron\u00f3stico de una tasa terminal de 6.50% para el cierre de 2026.<\/p>\n\n\n<div class=\"wp-block-image\">\n<figure class=\"alignright size-full\"><img loading=\"lazy\" decoding=\"async\" width=\"369\" height=\"240\" src=\"https:\/\/www.ektunkul.com\/wp-content\/uploads\/2026\/02\/Pesos-mexicanos.jpg\" alt=\"\" class=\"wp-image-613\" srcset=\"https:\/\/www.ektunkul.com\/wp-content\/uploads\/2026\/02\/Pesos-mexicanos.jpg 369w, https:\/\/www.ektunkul.com\/wp-content\/uploads\/2026\/02\/Pesos-mexicanos-300x195.jpg 300w\" sizes=\"auto, (max-width: 369px) 100vw, 369px\" \/><\/figure>\n<\/div>\n\n\n<p><strong>Actividad econ\u00f3mica bajo presi\u00f3n<\/strong><\/p>\n\n\n\n<p>La incertidumbre geopol\u00edtica llega en un momento en que la inflaci\u00f3n en M\u00e9xico muestra desaf\u00edos, particularmente en sus componentes no subyacentes. Banorte estima que la inflaci\u00f3n general de la primera quincena de marzo se ubicar\u00e1 en 4.69% anual (frente al consenso de 4.30%), mientras que la subyacente cerrar\u00eda en 4.50%.<\/p>\n\n\n\n<p>En cuanto a la actividad econ\u00f3mica, las proyecciones para M\u00e9xico reflejan un crecimiento moderado: 1.0% para todo 2026, tras un 0.6% esperado en 2025. El consumo privado avanzar\u00eda 1.0% y la inversi\u00f3n fija apenas 0.5%. El desempleo se ubicar\u00eda en torno al 2.9%.<\/p>\n\n\n\n<p>A nivel internacional se prev\u00e9 un crecimiento del PIB de Estados Unidos de 1.9% en 2026, con la tasa de fondos federales de la Fed bajando hasta 3.00% y una inflaci\u00f3n promedio de 2.7%.<\/p>\n\n\n\n<p><strong>Cautela en mercados financieros<\/strong><\/p>\n\n\n\n<p>En el frente cambiario, se proyecta un tipo de cambio USD\/MXN de 18.10 para finales de 2026, mientras que el IPC de la Bolsa Mexicana de Valores podr\u00eda cerrar el a\u00f1o en 73,500 puntos. En renta fija, las tasas de Cetes y TIIE se mantendr\u00edan elevadas en promedio durante el a\u00f1o.<\/p>\n\n\n\n<p>La estrategia de mercados de Banorte recomienda mantener una postura defensiva en equities ante el retroceso de los mercados por el conflicto y las trayectorias de tasas. En deuda corporativa, se esperan emisiones por alrededor de 15,500 millones de pesos esta semana.<\/p>\n\n\n<div class=\"wp-block-image\">\n<figure class=\"aligncenter size-medium is-resized\"><img loading=\"lazy\" decoding=\"async\" width=\"300\" height=\"201\" src=\"https:\/\/www.ektunkul.com\/wp-content\/uploads\/2026\/03\/SOCOu-300x201.jpg\" alt=\"\" class=\"wp-image-1394\" style=\"width:512px;height:auto\" srcset=\"https:\/\/www.ektunkul.com\/wp-content\/uploads\/2026\/03\/SOCOu-300x201.jpg 300w, https:\/\/www.ektunkul.com\/wp-content\/uploads\/2026\/03\/SOCOu-1024x687.jpg 1024w, https:\/\/www.ektunkul.com\/wp-content\/uploads\/2026\/03\/SOCOu-768x516.jpg 768w, https:\/\/www.ektunkul.com\/wp-content\/uploads\/2026\/03\/SOCOu-18x12.jpg 18w, https:\/\/www.ektunkul.com\/wp-content\/uploads\/2026\/03\/SOCOu.jpg 1168w\" sizes=\"auto, (max-width: 300px) 100vw, 300px\" \/><\/figure>\n<\/div>\n\n\n<p>El documento enfatiza que el contexto sigue siendo \u201caltamente fluido y sensible a titulares\u201d, por lo que exige agilidad en la evaluaci\u00f3n de riesgos inflacionarios y su posible impacto en el crecimiento.<\/p>\n\n\n\n<p>La \u201cPerspectiva Semanal\u201d de Banorte permite evidenciar c\u00f3mo los eventos geopol\u00edticos lejanos pueden alterar r\u00e1pidamente el panorama econ\u00f3mico y financiero de M\u00e9xico y el mundo, obligando a inversionistas y autoridades a navegar con mayor prudencia en las pr\u00f3ximas semanas.<\/p>\n\n\n\n<p><\/p>","protected":false},"excerpt":{"rendered":"<p>La escalada del conflicto en Medio Oriente, que ya cumple tres semanas, ha generado un entorno de alta volatilidad en los mercados financieros globales, de acuerdo con la \u201cPerspectiva Semanal\u201d Banorte correspondiente a la semana del 23 al 27 de marzo de 2026, cuyo equipo de an\u00e1lisis econ\u00f3mico y de mercados advierte que el cierre [&hellip;]<\/p>\n","protected":false},"author":9,"featured_media":1397,"comment_status":"open","ping_status":"closed","sticky":false,"template":"","format":"standard","meta":{"jetpack_post_was_ever_published":false,"_jetpack_newsletter_access":"","_jetpack_dont_email_post_to_subs":false,"_jetpack_newsletter_tier_id":0,"_jetpack_memberships_contains_paywalled_content":false,"_jetpack_memberships_contains_paid_content":false,"footnotes":"","jetpack_publicize_message":"","jetpack_publicize_feature_enabled":true,"jetpack_social_post_already_shared":true,"jetpack_social_options":{"image_generator_settings":{"template":"highway","default_image_id":0,"font":"","enabled":false},"version":2}},"categories":[802,79],"tags":[1155,1154,1152,1145,1149,1150,1144,1161,1157,1148,1159,820,1147,1156,1160,1146,1153,1158,1151],"class_list":["post-1393","post","type-post","status-publish","format-standard","has-post-thumbnail","hentry","category-mercado","category-negocios","tag-analisis-economico-mexico","tag-banorte-weekly-outlook","tag-banxico-interest-rate","tag-brent-above-100-dollars","tag-brent-por-encima-de-100-dolares","tag-conflicto-medio-oriente","tag-incertidumbre-geopolitica","tag-inflacion-mexico-2026","tag-mexico-economic-analysis","tag-mexico-gdp","tag-mexico-inflation-2026","tag-middle-east-conflict","tag-perspectiva-semanal-banorte","tag-pib-mexico","tag-rate-cut","tag-recorte-de-tasas","tag-tasa-banxico","tag-tipo-de-cambio-usd-mxn","tag-usd-mxn-exchange-rate"],"jetpack_publicize_connections":[],"jetpack_featured_media_url":"https:\/\/www.ektunkul.com\/wp-content\/uploads\/2026\/03\/Mapa-conflicto-medio-oriente.jpg","jetpack_sharing_enabled":true,"_links":{"self":[{"href":"https:\/\/www.ektunkul.com\/en\/wp-json\/wp\/v2\/posts\/1393","targetHints":{"allow":["GET"]}}],"collection":[{"href":"https:\/\/www.ektunkul.com\/en\/wp-json\/wp\/v2\/posts"}],"about":[{"href":"https:\/\/www.ektunkul.com\/en\/wp-json\/wp\/v2\/types\/post"}],"author":[{"embeddable":true,"href":"https:\/\/www.ektunkul.com\/en\/wp-json\/wp\/v2\/users\/9"}],"replies":[{"embeddable":true,"href":"https:\/\/www.ektunkul.com\/en\/wp-json\/wp\/v2\/comments?post=1393"}],"version-history":[{"count":1,"href":"https:\/\/www.ektunkul.com\/en\/wp-json\/wp\/v2\/posts\/1393\/revisions"}],"predecessor-version":[{"id":1398,"href":"https:\/\/www.ektunkul.com\/en\/wp-json\/wp\/v2\/posts\/1393\/revisions\/1398"}],"wp:featuredmedia":[{"embeddable":true,"href":"https:\/\/www.ektunkul.com\/en\/wp-json\/wp\/v2\/media\/1397"}],"wp:attachment":[{"href":"https:\/\/www.ektunkul.com\/en\/wp-json\/wp\/v2\/media?parent=1393"}],"wp:term":[{"taxonomy":"category","embeddable":true,"href":"https:\/\/www.ektunkul.com\/en\/wp-json\/wp\/v2\/categories?post=1393"},{"taxonomy":"post_tag","embeddable":true,"href":"https:\/\/www.ektunkul.com\/en\/wp-json\/wp\/v2\/tags?post=1393"}],"curies":[{"name":"wp","href":"https:\/\/api.w.org\/{rel}","templated":true}]}}