{"id":1354,"date":"2026-03-18T04:15:39","date_gmt":"2026-03-18T04:15:39","guid":{"rendered":"https:\/\/www.ektunkul.com\/?p=1354"},"modified":"2026-03-18T04:15:41","modified_gmt":"2026-03-18T04:15:41","slug":"mexicanos-reaccionan-al-llamado-de-amlo-para-donar-a-cuba-el-rechazo-domina-la-conversacion-digital","status":"publish","type":"post","link":"https:\/\/www.ektunkul.com\/en\/social\/mexicanos-reaccionan-al-llamado-de-amlo-para-donar-a-cuba-el-rechazo-domina-la-conversacion-digital\/","title":{"rendered":"Mexicanos reaccionan al llamado de AMLO para donar a Cuba: el rechazo domina la conversaci\u00f3n digital"},"content":{"rendered":"<p>El llamado del expresidente Andr\u00e9s Manuel L\u00f3pez Obrador a realizar donaciones econ\u00f3micas para apoyar a Cuba gener\u00f3 una reacci\u00f3n mayoritariamente negativa en redes sociales. As\u00ed lo revela un an\u00e1lisis exhaustivo de casi 24 millones de impresiones realizado por Dinamic, la plataforma mexicana especializada en escucha social y antropolog\u00eda digital.<\/p>\n\n\n<div class=\"wp-block-image\">\n<figure class=\"alignleft size-full\"><img loading=\"lazy\" decoding=\"async\" width=\"385\" height=\"227\" src=\"https:\/\/www.ektunkul.com\/wp-content\/uploads\/2026\/03\/AMLO.jpg\" alt=\"\" class=\"wp-image-1363\" srcset=\"https:\/\/www.ektunkul.com\/wp-content\/uploads\/2026\/03\/AMLO.jpg 385w, https:\/\/www.ektunkul.com\/wp-content\/uploads\/2026\/03\/AMLO-300x177.jpg 300w, https:\/\/www.ektunkul.com\/wp-content\/uploads\/2026\/03\/AMLO-18x12.jpg 18w\" sizes=\"auto, (max-width: 385px) 100vw, 385px\" \/><\/figure>\n<\/div>\n\n\n<p>Seg\u00fan el estudio, el 42.71% de las opiniones expres\u00f3 un rechazo directo a la iniciativa. Los usuarios argumentaron que M\u00e9xico enfrenta problemas urgentes \u2014como inseguridad, salud, educaci\u00f3n y econom\u00eda\u2014 que deber\u00edan priorizarse antes de enviar recursos a otro pa\u00eds. En este segmento tambi\u00e9n se critic\u00f3 con fuerza el respaldo a un gobierno cubano que muchos perciben como autoritario.<\/p>\n\n\n\n<p>Otro 36.52% de la conversaci\u00f3n se centr\u00f3 en ataques personales al exmandatario. Se repitieron acusaciones de corrupci\u00f3n durante su gesti\u00f3n, rechazo a su estilo de discurso pol\u00edtico y comparaciones negativas con administraciones anteriores, lo que aliment\u00f3 un tono de confrontaci\u00f3n y desconfianza.<\/p>\n\n\n\n<p>Solo un 19.10% de los mensajes adopt\u00f3 un enfoque m\u00e1s mesurado o anal\u00edtico. En este grupo se pidieron mayor transparencia sobre el destino de las donaciones, claridad en los mecanismos de recolecci\u00f3n y entrega, y una reflexi\u00f3n profunda sobre si este tipo de apoyos internacionales deber\u00eda repetirse en el futuro.<\/p>\n\n\n<div class=\"wp-block-image\">\n<figure class=\"alignright size-medium\"><img loading=\"lazy\" decoding=\"async\" width=\"300\" height=\"196\" src=\"https:\/\/www.ektunkul.com\/wp-content\/uploads\/2026\/03\/img20180722_01250315-300x196.jpg\" alt=\"Fotograf\u00eda Alejandro Evaristo\" class=\"wp-image-1359\" srcset=\"https:\/\/www.ektunkul.com\/wp-content\/uploads\/2026\/03\/img20180722_01250315-300x196.jpg 300w, https:\/\/www.ektunkul.com\/wp-content\/uploads\/2026\/03\/img20180722_01250315-1024x669.jpg 1024w, https:\/\/www.ektunkul.com\/wp-content\/uploads\/2026\/03\/img20180722_01250315-768x502.jpg 768w, https:\/\/www.ektunkul.com\/wp-content\/uploads\/2026\/03\/img20180722_01250315-18x12.jpg 18w, https:\/\/www.ektunkul.com\/wp-content\/uploads\/2026\/03\/img20180722_01250315.jpg 1133w\" sizes=\"auto, (max-width: 300px) 100vw, 300px\" \/><\/figure>\n<\/div>\n\n\n<p>El respaldo expl\u00edcito a la solidaridad con Cuba y al car\u00e1cter humanitario de la iniciativa qued\u00f3 reducido a un m\u00ednimo 0.67% de la conversaci\u00f3n: apenas 159,460 impresiones de las casi 24 millones analizadas. Aunque se mencion\u00f3 la relaci\u00f3n hist\u00f3rica entre M\u00e9xico y la isla, este argumento no logr\u00f3 contrarrestar el predominio de las posturas cr\u00edticas.<\/p>\n\n\n\n<p>En cuanto a la distribuci\u00f3n por plataformas, X (antes Twitter) concentr\u00f3 el 72.03% del volumen total de la conversaci\u00f3n, seguido por Facebook con el 12.05%, TikTok con el 10.74%, YouTube con el 4.52% e Instagram con apenas el 0.69%.<\/p>\n\n\n\n<p>Finalmente, Dinamic identific\u00f3 que solo el 4.84% de los mensajes provino de cuentas clasificadas como bots. Esto confirma que el rechazo mayoritario no es un fen\u00f3meno artificial, sino que refleja un sentir genuino y extendido en la comunidad digital mexicana en este momento.<\/p>\n\n\n\n<p>Dinamic, la primera plataforma mexicana dedicada a la antropolog\u00eda digital, utiliza un sistema propio de escucha computacional que clasifica millones de mensajes en tiempo real y ofrece una radiograf\u00eda precisa del \u00e1nimo ciudadano en redes sociales.<\/p>\n\n\n\n<p><\/p>","protected":false},"excerpt":{"rendered":"<p>El llamado del expresidente Andr\u00e9s Manuel L\u00f3pez Obrador a realizar donaciones econ\u00f3micas para apoyar a Cuba gener\u00f3 una reacci\u00f3n mayoritariamente negativa en redes sociales. As\u00ed lo revela un an\u00e1lisis exhaustivo de casi 24 millones de impresiones realizado por Dinamic, la plataforma mexicana especializada en escucha social y antropolog\u00eda digital. Seg\u00fan el estudio, el 42.71% de [&hellip;]<\/p>\n","protected":false},"author":2,"featured_media":1355,"comment_status":"open","ping_status":"closed","sticky":false,"template":"","format":"standard","meta":{"jetpack_post_was_ever_published":false,"_jetpack_newsletter_access":"","_jetpack_dont_email_post_to_subs":false,"_jetpack_newsletter_tier_id":0,"_jetpack_memberships_contains_paywalled_content":false,"_jetpack_memberships_contains_paid_content":false,"footnotes":"","jetpack_publicize_message":"","jetpack_publicize_feature_enabled":true,"jetpack_social_post_already_shared":true,"jetpack_social_options":{"image_generator_settings":{"template":"highway","default_image_id":0,"font":"","enabled":false},"version":2}},"categories":[80,83],"tags":[1108,1096,1109,1104,1097,1100,1101,1110,1106,1107,1111,1099,1098,1105,1112,1102,1094,1095,1103],"class_list":["post-1354","post","type-post","status-publish","format-standard","has-post-thumbnail","hentry","category-social","category-tecnologia","tag-amlo-cuba-rejection","tag-amlo-donar-cuba","tag-amlo-donate-cuba","tag-amlo-donations-criticism","tag-andres-manuel-lopez-obrador-cuba","tag-apoyo-economico-cuba","tag-criticas-amlo-donaciones","tag-cuba-donations-amlo","tag-cuba-donations-mexico","tag-cuba-mexico-solidarity","tag-cuba-social-media-reaction","tag-donaciones-cuba-amlo","tag-donativos-cuba-mexico","tag-economic-support-cuba","tag-international-solidarity-mexico-cuba","tag-reaccion-redes-cuba","tag-rechazo-amlo-cuba","tag-solidaridad-cuba-mexico","tag-solidaridad-internacional-mexico-cuba"],"jetpack_publicize_connections":[],"jetpack_featured_media_url":"https:\/\/www.ektunkul.com\/wp-content\/uploads\/2026\/03\/img20180722_01273758.jpg","jetpack_sharing_enabled":true,"_links":{"self":[{"href":"https:\/\/www.ektunkul.com\/en\/wp-json\/wp\/v2\/posts\/1354","targetHints":{"allow":["GET"]}}],"collection":[{"href":"https:\/\/www.ektunkul.com\/en\/wp-json\/wp\/v2\/posts"}],"about":[{"href":"https:\/\/www.ektunkul.com\/en\/wp-json\/wp\/v2\/types\/post"}],"author":[{"embeddable":true,"href":"https:\/\/www.ektunkul.com\/en\/wp-json\/wp\/v2\/users\/2"}],"replies":[{"embeddable":true,"href":"https:\/\/www.ektunkul.com\/en\/wp-json\/wp\/v2\/comments?post=1354"}],"version-history":[{"count":1,"href":"https:\/\/www.ektunkul.com\/en\/wp-json\/wp\/v2\/posts\/1354\/revisions"}],"predecessor-version":[{"id":1364,"href":"https:\/\/www.ektunkul.com\/en\/wp-json\/wp\/v2\/posts\/1354\/revisions\/1364"}],"wp:featuredmedia":[{"embeddable":true,"href":"https:\/\/www.ektunkul.com\/en\/wp-json\/wp\/v2\/media\/1355"}],"wp:attachment":[{"href":"https:\/\/www.ektunkul.com\/en\/wp-json\/wp\/v2\/media?parent=1354"}],"wp:term":[{"taxonomy":"category","embeddable":true,"href":"https:\/\/www.ektunkul.com\/en\/wp-json\/wp\/v2\/categories?post=1354"},{"taxonomy":"post_tag","embeddable":true,"href":"https:\/\/www.ektunkul.com\/en\/wp-json\/wp\/v2\/tags?post=1354"}],"curies":[{"name":"wp","href":"https:\/\/api.w.org\/{rel}","templated":true}]}}