{"id":1333,"date":"2026-03-17T23:08:17","date_gmt":"2026-03-17T23:08:17","guid":{"rendered":"https:\/\/www.ektunkul.com\/?p=1333"},"modified":"2026-03-17T23:08:20","modified_gmt":"2026-03-17T23:08:20","slug":"chevron-racing-se-prepara-para-su-tercer-desafio-en-la-super-copa-roshfrans-2026-en-el-ovalo-de-aguascalientes","status":"publish","type":"post","link":"https:\/\/www.ektunkul.com\/en\/uncategorized\/chevron-racing-se-prepara-para-su-tercer-desafio-en-la-super-copa-roshfrans-2026-en-el-ovalo-de-aguascalientes\/","title":{"rendered":"Chevron Racing se prepara para su tercer desaf\u00edo en la S\u00faper Copa Roshfrans 2026 en el \u00d3valo de Aguascalientes"},"content":{"rendered":"<p>El equipo Chevron Racing llega con todo listo y renovadas ambiciones al \u00d3valo Aguascalientes M\u00e9xico, sede de la tercera fecha de la S\u00faper Copa Roshfrans 2026 este domingo 22 de marzo. Tras un arranque vertiginoso de temporada, la escuder\u00eda busca consolidar su presencia en las categor\u00edas Gran Turismo M\u00e9xico (GTM) Pro 1 y Tractocamiones, donde ya ha cosechado sensaciones positivas y un podio en las fechas iniciales.<\/p>\n\n\n\n<p>El \u00f3valo hidroc\u00e1lido, con su trazado de aproximadamente 1.4 kil\u00f3metros y pronunciado peralte, promete ser un escenario de alta velocidad y emociones intensas.<\/p>\n\n\n<div class=\"wp-block-image\">\n<figure class=\"alignright size-medium\"><img loading=\"lazy\" decoding=\"async\" width=\"300\" height=\"200\" src=\"https:\/\/www.ektunkul.com\/wp-content\/uploads\/2026\/02\/Jose-Arellano-02-300x200.jpg\" alt=\"\" class=\"wp-image-963\" srcset=\"https:\/\/www.ektunkul.com\/wp-content\/uploads\/2026\/02\/Jose-Arellano-02-300x200.jpg 300w, https:\/\/www.ektunkul.com\/wp-content\/uploads\/2026\/02\/Jose-Arellano-02-1024x682.jpg 1024w, https:\/\/www.ektunkul.com\/wp-content\/uploads\/2026\/02\/Jose-Arellano-02-768x512.jpg 768w, https:\/\/www.ektunkul.com\/wp-content\/uploads\/2026\/02\/Jose-Arellano-02-1536x1023.jpg 1536w, https:\/\/www.ektunkul.com\/wp-content\/uploads\/2026\/02\/Jose-Arellano-02-18x12.jpg 18w, https:\/\/www.ektunkul.com\/wp-content\/uploads\/2026\/02\/Jose-Arellano-02.jpg 1800w\" sizes=\"auto, (max-width: 300px) 100vw, 300px\" \/><\/figure>\n<\/div>\n\n\n<p>Para Jos\u00e9 Arellano, piloto del auto #29 con los colores de Chevron\/Delo\/Havoline\/Big Auto\/GM Transport Software, la cita representa una oportunidad de revancha tras una actuaci\u00f3n s\u00f3lida en el sur del pa\u00eds. Arellano ya sabe lo que es subir al podio en el campeonato GTM Pro 1 y conf\u00eda en repetir la haza\u00f1a.<\/p>\n\n\n\n<p>\u201cVamos por muy buen camino, tenemos la velocidad, el auto, la constancia. Ahora solo nos toca tomar revancha de Tuxtla para poder hacer un buen papel en Aguascalientes y regresar a ese podio que todo el equipo se merece\u201d, coment\u00f3 el piloto, motivado por el rendimiento mostrado hasta ahora.<\/p>\n\n\n\n<p>En la divisi\u00f3n de Tractocamiones, Enrique \u201cHarry\u201d Due\u00f1as regresar\u00e1 a la acci\u00f3n al mando del tracto #29 patrocinado por Chevron Delo\/GM Transport\/Gaff International\/Gr\u00faas Due\u00f1as\/Solural\/Accuride\/Travel Viajes. El jalisciense ha trabajado intensamente en ajustes t\u00e9cnicos para superar los contratiempos que lo han alejado de los primeros sitios en las carreras previas.<\/p>\n\n\n<div class=\"wp-block-image\">\n<figure class=\"alignleft size-medium\"><img loading=\"lazy\" decoding=\"async\" width=\"300\" height=\"200\" src=\"https:\/\/www.ektunkul.com\/wp-content\/uploads\/2026\/03\/desfile-2-roshfrans-300x200.jpeg\" alt=\"\" class=\"wp-image-1335\" srcset=\"https:\/\/www.ektunkul.com\/wp-content\/uploads\/2026\/03\/desfile-2-roshfrans-300x200.jpeg 300w, https:\/\/www.ektunkul.com\/wp-content\/uploads\/2026\/03\/desfile-2-roshfrans-1024x683.jpeg 1024w, https:\/\/www.ektunkul.com\/wp-content\/uploads\/2026\/03\/desfile-2-roshfrans-768x512.jpeg 768w, https:\/\/www.ektunkul.com\/wp-content\/uploads\/2026\/03\/desfile-2-roshfrans-18x12.jpeg 18w, https:\/\/www.ektunkul.com\/wp-content\/uploads\/2026\/03\/desfile-2-roshfrans.jpeg 1280w\" sizes=\"auto, (max-width: 300px) 100vw, 300px\" \/><\/figure>\n<\/div>\n\n\n<p>\u201cEstamos trabajando horas extra para meternos a la pelea. Son cosas que salen de nuestras manos las que nos han impedido estar en los primeros sitios, pero estoy seguro que con las correcciones que hemos hecho para esta fecha, podremos volver a estar en ese ritmo que podemos tener\u201d, expres\u00f3 Due\u00f1as, confiado en el potencial del equipo para pelear por el triunfo en Aguascalientes. El Chevron Racing arribar\u00e1 al \u00d3valo Aguascalientes M\u00e9xico con la determinaci\u00f3n de sumar puntos clave en la tabla del campeonato y demostrar su competitividad en una de las categor\u00edas m\u00e1s exigentes del automovilismo mexicano. La tercera fecha de la S\u00faper Copa Roshfrans promete un espect\u00e1culo lleno de adrenalina a partir de la ma\u00f1ana del domingo 22 de marzo.<\/p>\n\n\n\n<p><\/p>","protected":false},"excerpt":{"rendered":"<p>El equipo Chevron Racing llega con todo listo y renovadas ambiciones al \u00d3valo Aguascalientes M\u00e9xico, sede de la tercera fecha de la S\u00faper Copa Roshfrans 2026 este domingo 22 de marzo. Tras un arranque vertiginoso de temporada, la escuder\u00eda busca consolidar su presencia en las categor\u00edas Gran Turismo M\u00e9xico (GTM) Pro 1 y Tractocamiones, donde [&hellip;]<\/p>\n","protected":false},"author":4,"featured_media":1325,"comment_status":"open","ping_status":"closed","sticky":false,"template":"","format":"standard","meta":{"jetpack_post_was_ever_published":false,"_jetpack_newsletter_access":"","_jetpack_dont_email_post_to_subs":false,"_jetpack_newsletter_tier_id":0,"_jetpack_memberships_contains_paywalled_content":false,"_jetpack_memberships_contains_paid_content":false,"footnotes":"","jetpack_publicize_message":"","jetpack_publicize_feature_enabled":true,"jetpack_social_post_already_shared":true,"jetpack_social_options":{"image_generator_settings":{"template":"highway","default_image_id":0,"font":"","enabled":false},"version":2}},"categories":[801,81,1],"tags":[1046,585,1049,1042,1052,1047,1044,555,1048,1050,1045,1043,1051,1053],"class_list":["post-1333","post","type-post","status-publish","format-standard","has-post-thumbnail","hentry","category-automovilismo","category-deportes","category-uncategorized","tag-aguascalientes-oval","tag-automovilismo-mexico","tag-chevron-racing","tag-enrique-duenas-harry","tag-gran-turismo-mexico","tag-jose-arellano-driver","tag-jose-arellano-piloto","tag-mexican-motorsport","tag-mexico-grand-touring","tag-ovalo-aguascalientes","tag-super-copa-2026","tag-super-cup-2026","tag-super-cup-trucks","tag-tractocamiones-super-copa"],"jetpack_publicize_connections":[],"jetpack_featured_media_url":"https:\/\/www.ektunkul.com\/wp-content\/uploads\/2026\/03\/2-Zanella-Ags-Roshfrans.jpeg","jetpack_sharing_enabled":true,"_links":{"self":[{"href":"https:\/\/www.ektunkul.com\/en\/wp-json\/wp\/v2\/posts\/1333","targetHints":{"allow":["GET"]}}],"collection":[{"href":"https:\/\/www.ektunkul.com\/en\/wp-json\/wp\/v2\/posts"}],"about":[{"href":"https:\/\/www.ektunkul.com\/en\/wp-json\/wp\/v2\/types\/post"}],"author":[{"embeddable":true,"href":"https:\/\/www.ektunkul.com\/en\/wp-json\/wp\/v2\/users\/4"}],"replies":[{"embeddable":true,"href":"https:\/\/www.ektunkul.com\/en\/wp-json\/wp\/v2\/comments?post=1333"}],"version-history":[{"count":1,"href":"https:\/\/www.ektunkul.com\/en\/wp-json\/wp\/v2\/posts\/1333\/revisions"}],"predecessor-version":[{"id":1337,"href":"https:\/\/www.ektunkul.com\/en\/wp-json\/wp\/v2\/posts\/1333\/revisions\/1337"}],"wp:featuredmedia":[{"embeddable":true,"href":"https:\/\/www.ektunkul.com\/en\/wp-json\/wp\/v2\/media\/1325"}],"wp:attachment":[{"href":"https:\/\/www.ektunkul.com\/en\/wp-json\/wp\/v2\/media?parent=1333"}],"wp:term":[{"taxonomy":"category","embeddable":true,"href":"https:\/\/www.ektunkul.com\/en\/wp-json\/wp\/v2\/categories?post=1333"},{"taxonomy":"post_tag","embeddable":true,"href":"https:\/\/www.ektunkul.com\/en\/wp-json\/wp\/v2\/tags?post=1333"}],"curies":[{"name":"wp","href":"https:\/\/api.w.org\/{rel}","templated":true}]}}