{"id":1323,"date":"2026-03-16T20:02:30","date_gmt":"2026-03-16T20:02:30","guid":{"rendered":"https:\/\/www.ektunkul.com\/?p=1323"},"modified":"2026-03-16T20:02:33","modified_gmt":"2026-03-16T20:02:33","slug":"fin-de-semana-de-carreras-en-mexico-arranca-2026-con-triunfos-locales-y-podios-emocionantes","status":"publish","type":"post","link":"https:\/\/www.ektunkul.com\/en\/deportes\/fin-de-semana-de-carreras-en-mexico-arranca-2026-con-triunfos-locales-y-podios-emocionantes\/","title":{"rendered":"Fin de semana de carreras en M\u00e9xico arranca 2026 con triunfos locales y podios emocionantes"},"content":{"rendered":"<p>Rub\u00e9n Garc\u00eda Jr., al volante del auto No. 88 de Canel\u2019s\/Logitech G\/Mobil 1\/Laboratorio Tequis, se adjudic\u00f3 la victoria en la \u201cPotosina 200\u201d, primera fecha de NASCAR M\u00e9xico Series 2026, disputada este domingo en el S\u00faper \u00d3valo Potosino. El pentacampe\u00f3n lider\u00f3 el arranque y domin\u00f3 la parte final de una carrera interrumpida por m\u00faltiples banderas amarillas que obligaron a finalizarla por tiempo, con un registro de 1:40:14.083. <\/p>\n\n\n<div class=\"wp-block-image\">\n<figure class=\"alignleft size-medium\"><img loading=\"lazy\" decoding=\"async\" width=\"300\" height=\"200\" src=\"https:\/\/www.ektunkul.com\/wp-content\/uploads\/2026\/03\/Podio-Nascar1-300x200.jpeg\" alt=\"\" class=\"wp-image-1330\" srcset=\"https:\/\/www.ektunkul.com\/wp-content\/uploads\/2026\/03\/Podio-Nascar1-300x200.jpeg 300w, https:\/\/www.ektunkul.com\/wp-content\/uploads\/2026\/03\/Podio-Nascar1-1024x683.jpeg 1024w, https:\/\/www.ektunkul.com\/wp-content\/uploads\/2026\/03\/Podio-Nascar1-768x512.jpeg 768w, https:\/\/www.ektunkul.com\/wp-content\/uploads\/2026\/03\/Podio-Nascar1-18x12.jpeg 18w, https:\/\/www.ektunkul.com\/wp-content\/uploads\/2026\/03\/Podio-Nascar1.jpeg 1500w\" sizes=\"auto, (max-width: 300px) 100vw, 300px\" \/><\/figure>\n<\/div>\n\n\n<p>Esta es su s\u00e9ptima victoria en San Luis Potos\u00ed y la n\u00famero 25 en su trayectoria en la categor\u00eda.<br>\u201cEl a\u00f1o pasado fue muy duro para todos, y para m\u00ed tambi\u00e9n. Cuando corres para el Team GP se espera que ganes todos los a\u00f1os. Tener esa sequ\u00eda nos hizo mirarnos al espejo, y estoy muy orgulloso del equipo. Trabajamos duro en pretemporada y, aunque hubo momentos dif\u00edciles, nos reiniciamos y aprovechamos cada oportunidad para rebasar\u201d, coment\u00f3 Garc\u00eda Jr. tras la meta. El piloto dedic\u00f3 el triunfo a la familia Garc\u00eda Navarro por su apoyo constante durante a\u00f1os.<\/p>\n\n\n<div class=\"wp-block-image\">\n<figure class=\"alignright size-medium\"><img loading=\"lazy\" decoding=\"async\" width=\"300\" height=\"200\" src=\"https:\/\/www.ektunkul.com\/wp-content\/uploads\/2026\/03\/Podio-Nascar-2-300x200.jpeg\" alt=\"\" class=\"wp-image-1329\" srcset=\"https:\/\/www.ektunkul.com\/wp-content\/uploads\/2026\/03\/Podio-Nascar-2-300x200.jpeg 300w, https:\/\/www.ektunkul.com\/wp-content\/uploads\/2026\/03\/Podio-Nascar-2-1024x682.jpeg 1024w, https:\/\/www.ektunkul.com\/wp-content\/uploads\/2026\/03\/Podio-Nascar-2-768x512.jpeg 768w, https:\/\/www.ektunkul.com\/wp-content\/uploads\/2026\/03\/Podio-Nascar-2-1536x1023.jpeg 1536w, https:\/\/www.ektunkul.com\/wp-content\/uploads\/2026\/03\/Podio-Nascar-2-18x12.jpeg 18w, https:\/\/www.ektunkul.com\/wp-content\/uploads\/2026\/03\/Podio-Nascar-2.jpeg 1600w\" sizes=\"auto, (max-width: 300px) 100vw, 300px\" \/><\/figure>\n<\/div>\n\n\n<p>Eloy Sebasti\u00e1n L\u00f3pez (Volaris\/Aldo Conti) realiz\u00f3 una remontada impresionante en la \u00faltima vuelta para superar a Rodrigo Rej\u00f3n y Max Guti\u00e9rrez, qued\u00e1ndose con el segundo lugar. \u201cCorr\u00ed con la cabeza fr\u00eda y al final ataqu\u00e9 para sumar puntos importantes rumbo al Chase\u201d, dijo L\u00f3pez. Rodrigo Rej\u00f3n (GGG\/Pro Rally) complet\u00f3 el podio en tercero, aunque admiti\u00f3 frustraci\u00f3n: \u201cPens\u00e9 que la ten\u00eda, pero no se pudo. Vamos por la revancha en Chiapas\u201d.<br>El top 10 qued\u00f3 conformado por Rub\u00e9n Garc\u00eda, Eloy L\u00f3pez, Rodrigo Rej\u00f3n, Max Guti\u00e9rrez, Rub\u00e9n Rovelo, Alex de Alba, Santiago Tovar, Helio Meza, Germ\u00e1n Quiroga e Irwin Vences.<\/p>\n\n\n<div class=\"wp-block-image\">\n<figure class=\"alignleft size-medium\"><img loading=\"lazy\" decoding=\"async\" width=\"300\" height=\"174\" src=\"https:\/\/www.ektunkul.com\/wp-content\/uploads\/2026\/03\/2-Zanella-Ags-Roshfrans-2-300x174.jpeg\" alt=\"\" class=\"wp-image-1324\" srcset=\"https:\/\/www.ektunkul.com\/wp-content\/uploads\/2026\/03\/2-Zanella-Ags-Roshfrans-2-300x174.jpeg 300w, https:\/\/www.ektunkul.com\/wp-content\/uploads\/2026\/03\/2-Zanella-Ags-Roshfrans-2-1024x595.jpeg 1024w, https:\/\/www.ektunkul.com\/wp-content\/uploads\/2026\/03\/2-Zanella-Ags-Roshfrans-2-768x446.jpeg 768w, https:\/\/www.ektunkul.com\/wp-content\/uploads\/2026\/03\/2-Zanella-Ags-Roshfrans-2-1536x892.jpeg 1536w, https:\/\/www.ektunkul.com\/wp-content\/uploads\/2026\/03\/2-Zanella-Ags-Roshfrans-2-18x10.jpeg 18w, https:\/\/www.ektunkul.com\/wp-content\/uploads\/2026\/03\/2-Zanella-Ags-Roshfrans-2.jpeg 1551w\" sizes=\"auto, (max-width: 300px) 100vw, 300px\" \/><\/figure>\n<\/div>\n\n\n<p>En Challenge Series, el potosino V\u00edctor Barrales Jr. (No. 39 Osito Poki\/ANVI Motorsports) celebr\u00f3 en casa con una victoria contundente (1:40:17.566). \u201cFue una carrera complicada por el tr\u00e1fico al final, pero gran forma de iniciar la temporada. Agradezco al equipo por el excelente auto\u201d, expres\u00f3 Barrales, quien corri\u00f3 casi sin patrocinadores y espera atraer marcas para Chiapas. Mateo Gir\u00f3n (Alessandros), en su debut, fue segundo: \u201cAspiro a m\u00e1s, estoy en un gran equipo\u201d. Regina Sirvent (Kotex\/Volaris) cerr\u00f3 el podio en tercero tras una carrera \u201cmuy cerebral\u201d que le permiti\u00f3 sumar puntos clave.<br>El top 5 de Challenge: V\u00edctor Barrales Jr., Mateo Gir\u00f3n, Regina Sirvent, Jorge de la Parra y Diego Ortiz.<\/p>\n\n\n<div class=\"wp-block-image\">\n<figure class=\"alignright size-medium\"><img loading=\"lazy\" decoding=\"async\" width=\"200\" height=\"300\" src=\"https:\/\/www.ektunkul.com\/wp-content\/uploads\/2026\/03\/Valeria-Aranda-3-200x300.jpeg\" alt=\"\" class=\"wp-image-1327\" srcset=\"https:\/\/www.ektunkul.com\/wp-content\/uploads\/2026\/03\/Valeria-Aranda-3-200x300.jpeg 200w, https:\/\/www.ektunkul.com\/wp-content\/uploads\/2026\/03\/Valeria-Aranda-3-683x1024.jpeg 683w, https:\/\/www.ektunkul.com\/wp-content\/uploads\/2026\/03\/Valeria-Aranda-3-768x1152.jpeg 768w, https:\/\/www.ektunkul.com\/wp-content\/uploads\/2026\/03\/Valeria-Aranda-3-8x12.jpeg 8w, https:\/\/www.ektunkul.com\/wp-content\/uploads\/2026\/03\/Valeria-Aranda-3.jpeg 1000w\" sizes=\"auto, (max-width: 200px) 100vw, 200px\" \/><\/figure>\n<\/div>\n\n\n<p><br>En Trucks M\u00e9xico Series, la hidalguense Valeria Aranda (No. 27 Aranda Racing Team \u2013 Bizzarro\/TelecomDistrict\/VGsystems) abri\u00f3 la temporada con un s\u00f3lido tercer lugar. Mantuvo pelea constante en el grupo puntero: sexta en los primeros giros, remont\u00f3 al tercer lugar en la vuelta 40 y se mantuvo en el top 5 hasta atacar en las \u00faltimas vueltas. \u201cFue una \u00faltima vuelta intensa. Ten\u00edamos ritmo para estar adelante y casi logramos el primero, pero ser\u00e1 en la siguiente\u201d, coment\u00f3 Aranda. La pr\u00f3xima fecha ser\u00e1 en Chiapas los d\u00edas 28 y 29 de marzo.<br>Finalmente, el \u00d3valo Aguascalientes M\u00e9xico recibir\u00e1 el 22 de marzo la tercera fecha de S\u00faper Copa Roshfrans 2026 con GTM, Tractocamiones, F5 y Mexbike. Hasta ahora nadie ha repetido victoria en GTM Pro 1: Pablo P\u00e9rez de Lara y Franco Zanella ganaron en Yucat\u00e1n; Emiliano Richards y Eloy Sebasti\u00e1n L\u00f3pez en Tuxtla Guti\u00e9rrez. El campeonato est\u00e1 cerrado y Aguascalientes ser\u00e1 clave. Los boletos est\u00e1n disponibles en fanki.com.mx.<\/p>","protected":false},"excerpt":{"rendered":"<p>Rub\u00e9n Garc\u00eda Jr., al volante del auto No. 88 de Canel\u2019s\/Logitech G\/Mobil 1\/Laboratorio Tequis, se adjudic\u00f3 la victoria en la \u201cPotosina 200\u201d, primera fecha de NASCAR M\u00e9xico Series 2026, disputada este domingo en el S\u00faper \u00d3valo Potosino. El pentacampe\u00f3n lider\u00f3 el arranque y domin\u00f3 la parte final de una carrera interrumpida por m\u00faltiples banderas amarillas [&hellip;]<\/p>\n","protected":false},"author":4,"featured_media":1326,"comment_status":"open","ping_status":"closed","sticky":false,"template":"","format":"standard","meta":{"jetpack_post_was_ever_published":false,"_jetpack_newsletter_access":"","_jetpack_dont_email_post_to_subs":false,"_jetpack_newsletter_tier_id":0,"_jetpack_memberships_contains_paywalled_content":false,"_jetpack_memberships_contains_paid_content":false,"footnotes":"","jetpack_publicize_message":"","jetpack_publicize_feature_enabled":true,"jetpack_social_post_already_shared":true,"jetpack_social_options":{"image_generator_settings":{"template":"highway","default_image_id":0,"font":"","enabled":false},"version":2}},"categories":[801,81],"tags":[1034,1041,1031,552,978,784,793,1036,1030,1038,1035,796,785,1033,1040,1032,1039,1029,1037],"class_list":["post-1323","post","type-post","status-publish","format-standard","has-post-thumbnail","hentry","category-automovilismo","category-deportes","tag-automovilismo-mexico-2026","tag-eloy-lopez-comeback","tag-eloy-lopez-remontada","tag-nascar-mexico-2026","tag-nascar-mexico-series","tag-potosina-200","tag-potosina-200-race","tag-ruben-garcia-jr-victory","tag-ruben-garcia-victoria","tag-super-copa-roshfrans-aguascalientes-2","tag-super-copa-roshfrans-aguascalientes","tag-super-ovalo-potosino-2","tag-super-ovalo-potosino","tag-trucks-mexico-series","tag-trucks-mexico-series-2","tag-valeria-aranda-podio","tag-valeria-aranda-podium","tag-victor-barrales-challenge","tag-victor-barrales-challenge-win"],"jetpack_publicize_connections":[],"jetpack_featured_media_url":"https:\/\/www.ektunkul.com\/wp-content\/uploads\/2026\/03\/Valeria-Aranda-2.jpeg","jetpack_sharing_enabled":true,"_links":{"self":[{"href":"https:\/\/www.ektunkul.com\/en\/wp-json\/wp\/v2\/posts\/1323","targetHints":{"allow":["GET"]}}],"collection":[{"href":"https:\/\/www.ektunkul.com\/en\/wp-json\/wp\/v2\/posts"}],"about":[{"href":"https:\/\/www.ektunkul.com\/en\/wp-json\/wp\/v2\/types\/post"}],"author":[{"embeddable":true,"href":"https:\/\/www.ektunkul.com\/en\/wp-json\/wp\/v2\/users\/4"}],"replies":[{"embeddable":true,"href":"https:\/\/www.ektunkul.com\/en\/wp-json\/wp\/v2\/comments?post=1323"}],"version-history":[{"count":1,"href":"https:\/\/www.ektunkul.com\/en\/wp-json\/wp\/v2\/posts\/1323\/revisions"}],"predecessor-version":[{"id":1331,"href":"https:\/\/www.ektunkul.com\/en\/wp-json\/wp\/v2\/posts\/1323\/revisions\/1331"}],"wp:featuredmedia":[{"embeddable":true,"href":"https:\/\/www.ektunkul.com\/en\/wp-json\/wp\/v2\/media\/1326"}],"wp:attachment":[{"href":"https:\/\/www.ektunkul.com\/en\/wp-json\/wp\/v2\/media?parent=1323"}],"wp:term":[{"taxonomy":"category","embeddable":true,"href":"https:\/\/www.ektunkul.com\/en\/wp-json\/wp\/v2\/categories?post=1323"},{"taxonomy":"post_tag","embeddable":true,"href":"https:\/\/www.ektunkul.com\/en\/wp-json\/wp\/v2\/tags?post=1323"}],"curies":[{"name":"wp","href":"https:\/\/api.w.org\/{rel}","templated":true}]}}