{"id":1191,"date":"2026-03-09T23:53:32","date_gmt":"2026-03-09T23:53:32","guid":{"rendered":"https:\/\/www.ektunkul.com\/?p=1191"},"modified":"2026-03-09T23:53:35","modified_gmt":"2026-03-09T23:53:35","slug":"valeria-aranda-lista-para-arrancar-fuerte-la-temporada-2026-de-trucks-mexico-series","status":"publish","type":"post","link":"https:\/\/www.ektunkul.com\/en\/deportes\/valeria-aranda-lista-para-arrancar-fuerte-la-temporada-2026-de-trucks-mexico-series\/","title":{"rendered":"Valeria Aranda lista para arrancar fuerte la temporada 2026 de Trucks M\u00e9xico Series"},"content":{"rendered":"<p>La piloto hidalguense del Aranda Racing Team llega motivada al S\u00faper \u00d3valo Potosino, donde busca repetir o superar su podio del a\u00f1o pasado en la carrera inaugural del campeonato de desarrollo de NASCAR M\u00e9xico.<\/p>\n\n\n<div class=\"wp-block-image\">\n<figure class=\"alignleft size-medium\"><img loading=\"lazy\" decoding=\"async\" width=\"300\" height=\"200\" src=\"https:\/\/www.ektunkul.com\/wp-content\/uploads\/2026\/03\/Valeria-Aranda-4-300x200.jpg\" alt=\"\" class=\"wp-image-1192\" srcset=\"https:\/\/www.ektunkul.com\/wp-content\/uploads\/2026\/03\/Valeria-Aranda-4-300x200.jpg 300w, https:\/\/www.ektunkul.com\/wp-content\/uploads\/2026\/03\/Valeria-Aranda-4-1024x683.jpg 1024w, https:\/\/www.ektunkul.com\/wp-content\/uploads\/2026\/03\/Valeria-Aranda-4-768x512.jpg 768w, https:\/\/www.ektunkul.com\/wp-content\/uploads\/2026\/03\/Valeria-Aranda-4-1536x1024.jpg 1536w, https:\/\/www.ektunkul.com\/wp-content\/uploads\/2026\/03\/Valeria-Aranda-4-2048x1365.jpg 2048w, https:\/\/www.ektunkul.com\/wp-content\/uploads\/2026\/03\/Valeria-Aranda-4-18x12.jpg 18w\" sizes=\"auto, (max-width: 300px) 100vw, 300px\" \/><\/figure>\n<\/div>\n\n\n<p>Valeria Aranda se muestra entusiasmada y preparada para el debut de la temporada 2026 de Trucks M\u00e9xico Series, que se disputar\u00e1 este fin de semana en el S\u00faper \u00d3valo Potosino de San Luis Potos\u00ed. Al volante de la camioneta n\u00famero 27 con los colores de Bizzarro, Telecom District y VG Systems Infraestructura Tecnol\u00f3gica, la piloto hidalguense apunta a un resultado s\u00f3lido desde la primera fecha para consolidarse como protagonista del campeonato.<\/p>\n\n\n\n<p>Las actividades comienzan el s\u00e1bado 14 de marzo con dos sesiones de pr\u00e1cticas y la calificaci\u00f3n que definir\u00e1 la parrilla. La carrera principal, pactada a 100 vueltas con un stage en la vuelta 40 y parada obligatoria en bandera verde para cambio de llantas, se correr\u00e1 el domingo 15 de marzo a las 11:30 horas.<\/p>\n\n\n<div class=\"wp-block-image\">\n<figure class=\"alignright size-medium\"><img loading=\"lazy\" decoding=\"async\" width=\"200\" height=\"300\" src=\"https:\/\/www.ektunkul.com\/wp-content\/uploads\/2026\/03\/Valeria-Aranda-1-200x300.jpg\" alt=\"\" class=\"wp-image-1195\" srcset=\"https:\/\/www.ektunkul.com\/wp-content\/uploads\/2026\/03\/Valeria-Aranda-1-200x300.jpg 200w, https:\/\/www.ektunkul.com\/wp-content\/uploads\/2026\/03\/Valeria-Aranda-1-683x1024.jpg 683w, https:\/\/www.ektunkul.com\/wp-content\/uploads\/2026\/03\/Valeria-Aranda-1-768x1152.jpg 768w, https:\/\/www.ektunkul.com\/wp-content\/uploads\/2026\/03\/Valeria-Aranda-1-8x12.jpg 8w, https:\/\/www.ektunkul.com\/wp-content\/uploads\/2026\/03\/Valeria-Aranda-1.jpg 1000w\" sizes=\"auto, (max-width: 200px) 100vw, 200px\" \/><\/figure>\n<\/div>\n\n\n<p>\u201cEstoy emocionada de comenzar la temporada. Llego agradecida por mi segundo a\u00f1o consecutivo con Bizzarro y Telecom District, y ahora sumamos el apoyo de VG Systems Infraestructura Tecnol\u00f3gica. Espero que la gente nos acompa\u00f1e en el S\u00faper \u00d3valo Potosino porque ser\u00e1 una gran carrera. Para este a\u00f1o quiero dar lo mejor en cada pista y entregar los resultados que esperan patrocinadores y fan\u00e1ticos. Como equipo estamos bien preparados, as\u00ed que vamos con todo desde la primera cita\u201d, declar\u00f3 Aranda.<\/p>\n\n\n\n<p>Con la experiencia del 2025 \u2014donde pele\u00f3 por los playoffs y arranc\u00f3 con podio en esta misma pista\u2014, Valeria ve en este trazado de media milla una oportunidad ideal para sumar puntos clave desde el inicio y mantenerse en la pelea por los primeros lugares de Trucks M\u00e9xico Series, el semillero oficial de NASCAR M\u00e9xico.<\/p>\n\n\n\n<p><\/p>","protected":false},"excerpt":{"rendered":"<p>La piloto hidalguense del Aranda Racing Team llega motivada al S\u00faper \u00d3valo Potosino, donde busca repetir o superar su podio del a\u00f1o pasado en la carrera inaugural del campeonato de desarrollo de NASCAR M\u00e9xico. Valeria Aranda se muestra entusiasmada y preparada para el debut de la temporada 2026 de Trucks M\u00e9xico Series, que se disputar\u00e1 [&hellip;]<\/p>\n","protected":false},"author":2,"featured_media":1194,"comment_status":"open","ping_status":"closed","sticky":false,"template":"","format":"standard","meta":{"jetpack_post_was_ever_published":false,"_jetpack_newsletter_access":"","_jetpack_dont_email_post_to_subs":false,"_jetpack_newsletter_tier_id":0,"_jetpack_memberships_contains_paywalled_content":false,"_jetpack_memberships_contains_paid_content":false,"footnotes":"","jetpack_publicize_message":"","jetpack_publicize_feature_enabled":true,"jetpack_social_post_already_shared":true,"jetpack_social_options":{"image_generator_settings":{"template":"highway","default_image_id":0,"font":"","enabled":false},"version":2}},"categories":[801,81],"tags":[822,831,835,823,785,829,836,828,833,832,838,837,830,827],"class_list":["post-1191","post","type-post","status-publish","format-standard","has-post-thumbnail","hentry","category-automovilismo","category-deportes","tag-aranda-racing-team","tag-camioneta-27-bizzarro","tag-hidalguense-driver-trucks","tag-piloto-hidalguense-trucks","tag-super-ovalo-potosino","tag-temporada-trucks-mexico-2026","tag-truck-27-bizzarro","tag-trucks-mexico-arranque-2026","tag-trucks-mexico-san-luis-potosi-2","tag-trucks-mexico-series-2026-2","tag-trucks-mexico-series-season-2026","tag-trucks-mexico-start-2026","tag-valeria-aranda-nascar-mexico","tag-valeria-aranda-trucks-mexico-2"],"jetpack_publicize_connections":[],"jetpack_featured_media_url":"https:\/\/www.ektunkul.com\/wp-content\/uploads\/2026\/03\/Valeria-Aranda-2.jpg","jetpack_sharing_enabled":true,"_links":{"self":[{"href":"https:\/\/www.ektunkul.com\/en\/wp-json\/wp\/v2\/posts\/1191","targetHints":{"allow":["GET"]}}],"collection":[{"href":"https:\/\/www.ektunkul.com\/en\/wp-json\/wp\/v2\/posts"}],"about":[{"href":"https:\/\/www.ektunkul.com\/en\/wp-json\/wp\/v2\/types\/post"}],"author":[{"embeddable":true,"href":"https:\/\/www.ektunkul.com\/en\/wp-json\/wp\/v2\/users\/2"}],"replies":[{"embeddable":true,"href":"https:\/\/www.ektunkul.com\/en\/wp-json\/wp\/v2\/comments?post=1191"}],"version-history":[{"count":2,"href":"https:\/\/www.ektunkul.com\/en\/wp-json\/wp\/v2\/posts\/1191\/revisions"}],"predecessor-version":[{"id":1198,"href":"https:\/\/www.ektunkul.com\/en\/wp-json\/wp\/v2\/posts\/1191\/revisions\/1198"}],"wp:featuredmedia":[{"embeddable":true,"href":"https:\/\/www.ektunkul.com\/en\/wp-json\/wp\/v2\/media\/1194"}],"wp:attachment":[{"href":"https:\/\/www.ektunkul.com\/en\/wp-json\/wp\/v2\/media?parent=1191"}],"wp:term":[{"taxonomy":"category","embeddable":true,"href":"https:\/\/www.ektunkul.com\/en\/wp-json\/wp\/v2\/categories?post=1191"},{"taxonomy":"post_tag","embeddable":true,"href":"https:\/\/www.ektunkul.com\/en\/wp-json\/wp\/v2\/tags?post=1191"}],"curies":[{"name":"wp","href":"https:\/\/api.w.org\/{rel}","templated":true}]}}