{"id":1109,"date":"2026-03-10T10:44:00","date_gmt":"2026-03-10T10:44:00","guid":{"rendered":"https:\/\/www.ektunkul.com\/?p=1109"},"modified":"2026-03-12T04:17:56","modified_gmt":"2026-03-12T04:17:56","slug":"semana-santa-2026-en-mexico-fechas-y-tradiciones-que-marcan-la-piel-de-nuestro-pueblo","status":"publish","type":"post","link":"https:\/\/www.ektunkul.com\/en\/tradiciones\/semana-santa-2026-en-mexico-fechas-y-tradiciones-que-marcan-la-piel-de-nuestro-pueblo\/","title":{"rendered":"Semana Santa 2026 en M\u00e9xico: Fechas y Tradiciones que Marcan la Piel de Nuestro Pueblo"},"content":{"rendered":"<p>Las calles empedradas de Taxco reciben el peso de cruces espinosas, pies desnudos y el sonido de cadenas arrastr\u00e1ndose. No es solo devoci\u00f3n, es un ritual que duele, que marca la piel y el alma bajo el pretexto de la fe.<\/p>\n\n\n<div class=\"wp-block-image\">\n<figure class=\"alignleft size-medium\"><img loading=\"lazy\" decoding=\"async\" width=\"200\" height=\"300\" src=\"https:\/\/www.ektunkul.com\/wp-content\/uploads\/2026\/03\/Semana-Santa-Cortesia-Sectur-Guerrero-12-200x300.jpg\" alt=\"\" class=\"wp-image-1132\" srcset=\"https:\/\/www.ektunkul.com\/wp-content\/uploads\/2026\/03\/Semana-Santa-Cortesia-Sectur-Guerrero-12-200x300.jpg 200w, https:\/\/www.ektunkul.com\/wp-content\/uploads\/2026\/03\/Semana-Santa-Cortesia-Sectur-Guerrero-12-683x1024.jpg 683w, https:\/\/www.ektunkul.com\/wp-content\/uploads\/2026\/03\/Semana-Santa-Cortesia-Sectur-Guerrero-12-768x1151.jpg 768w, https:\/\/www.ektunkul.com\/wp-content\/uploads\/2026\/03\/Semana-Santa-Cortesia-Sectur-Guerrero-12-1025x1536.jpg 1025w, https:\/\/www.ektunkul.com\/wp-content\/uploads\/2026\/03\/Semana-Santa-Cortesia-Sectur-Guerrero-12-8x12.jpg 8w, https:\/\/www.ektunkul.com\/wp-content\/uploads\/2026\/03\/Semana-Santa-Cortesia-Sectur-Guerrero-12-1024x1535.jpg 1024w, https:\/\/www.ektunkul.com\/wp-content\/uploads\/2026\/03\/Semana-Santa-Cortesia-Sectur-Guerrero-12.jpg 1366w\" sizes=\"auto, (max-width: 200px) 100vw, 200px\" \/><\/figure>\n<\/div>\n\n\n<p>Estuve ah\u00ed hace a\u00f1os, atestig\u00fc\u00e9 una procesi\u00f3n donde los encruzados avanzan descalzos, con el rostro cubierto, cargando promesas y penitencias que pesan m\u00e1s que la madera. Hombros sangrantes y espaldas marcadas eran, entre ellos, el denominador com\u00fan.<\/p>\n\n\n\n<p>A consecuencia de la Semana Santa, M\u00e9xico se transforma en un m\u00edstico escenario vivo de sincretismo religioso y mestizo en el que el catolicismo espa\u00f1ol se fusiona con las ra\u00edces ind\u00edgenas de un pueblo \u00e1vido de Dios.<\/p>\n\n\n\n<p>Este 2026, todo empezar\u00e1, una vez m\u00e1s, a finales de marzo y principios de abril.<\/p>\n\n\n\n<p><strong>De la Colonia al Mestizaje<\/strong><\/p>\n\n\n\n<p>La Semana Santa lleg\u00f3 a M\u00e9xico con los conquistadores espa\u00f1oles en el siglo XVI, pero no se qued\u00f3 en misas fr\u00edas. Se entreteji\u00f3 con costumbres prehisp\u00e1nicas, como los rituales de sacrificio y penitencia de los pueblos ind\u00edgenas de aquel entonces, quienes as\u00ed consiguieron mantener parte de su esencia oculta a la vista de todos.<\/p>\n\n\n<div class=\"wp-block-image\">\n<figure class=\"alignright size-medium\"><img loading=\"lazy\" decoding=\"async\" width=\"300\" height=\"200\" src=\"https:\/\/www.ektunkul.com\/wp-content\/uploads\/2026\/03\/Pasion-Iztapalapa-cortesia-Comunizacion-Social-3-300x200.jpg\" alt=\"\" class=\"wp-image-1153\" srcset=\"https:\/\/www.ektunkul.com\/wp-content\/uploads\/2026\/03\/Pasion-Iztapalapa-cortesia-Comunizacion-Social-3-300x200.jpg 300w, https:\/\/www.ektunkul.com\/wp-content\/uploads\/2026\/03\/Pasion-Iztapalapa-cortesia-Comunizacion-Social-3-1024x683.jpg 1024w, https:\/\/www.ektunkul.com\/wp-content\/uploads\/2026\/03\/Pasion-Iztapalapa-cortesia-Comunizacion-Social-3-768x512.jpg 768w, https:\/\/www.ektunkul.com\/wp-content\/uploads\/2026\/03\/Pasion-Iztapalapa-cortesia-Comunizacion-Social-3-1536x1024.jpg 1536w, https:\/\/www.ektunkul.com\/wp-content\/uploads\/2026\/03\/Pasion-Iztapalapa-cortesia-Comunizacion-Social-3-2048x1365.jpg 2048w, https:\/\/www.ektunkul.com\/wp-content\/uploads\/2026\/03\/Pasion-Iztapalapa-cortesia-Comunizacion-Social-3-18x12.jpg 18w\" sizes=\"auto, (max-width: 300px) 100vw, 300px\" \/><\/figure>\n<\/div>\n\n\n<p>Por eso en lugares como Iztapalapa, el Viacrucis no es teatro, sino una representaci\u00f3n que data de 1843, inspirada en una epidemia de c\u00f3lera que oblig\u00f3 a los locales a prometer devoci\u00f3n eterna. Un compromiso que hoy, decenas de a\u00f1os despu\u00e9s, atrae a millones, pero su origen es pr\u00e1ctico: una mezcla de miedo, fe y comunidad.<\/p>\n\n\n\n<p>Taxco es un buen ejemplo. Con su plata colonial, convirti\u00f3 la penitencia en arte doloroso, influenciado por las cofrad\u00edas espa\u00f1olas pero adaptado al terreno monta\u00f1oso guerrerense. No es solo religi\u00f3n; es historia viva, donde el dolor p\u00fablico exp\u00eda pecados colectivos.<\/p>\n\n\n\n<p><strong>Fechas Clave en 2026<\/strong><\/p>\n\n\n\n<p>Seg\u00fan el calendario lit\u00fargico, la Semana Santa 2026 en M\u00e9xico se extiende del domingo 29 de marzo al domingo 5 de abril.&nbsp; Aqu\u00ed un desglose d\u00eda por d\u00eda:<\/p>\n\n\n<div class=\"wp-block-image\">\n<figure class=\"alignleft size-medium is-resized\"><img loading=\"lazy\" decoding=\"async\" width=\"300\" height=\"178\" src=\"https:\/\/www.ektunkul.com\/wp-content\/uploads\/2026\/03\/Domingo-de-ramos-Taxco-300x178.png\" alt=\"\" class=\"wp-image-1157\" style=\"width:335px;height:auto\" srcset=\"https:\/\/www.ektunkul.com\/wp-content\/uploads\/2026\/03\/Domingo-de-ramos-Taxco-300x178.png 300w, https:\/\/www.ektunkul.com\/wp-content\/uploads\/2026\/03\/Domingo-de-ramos-Taxco-18x12.png 18w, https:\/\/www.ektunkul.com\/wp-content\/uploads\/2026\/03\/Domingo-de-ramos-Taxco.png 750w\" sizes=\"auto, (max-width: 300px) 100vw, 300px\" \/><\/figure>\n<\/div>\n\n\n<p>El 29 de marzo es Domingo de Ramos, una fecha que recuerda la entrada triunfal de Jes\u00fas a Jerusal\u00e9n, donde el pueblo le recibi\u00f3 con palmas y ramas de olivo, de acuerdo con la historia dictada por los Evangelios. En M\u00e9xico se tejen palmas en racimos que se llevan a bendecir a la iglesia, aunque destaca particularmente el caso de San Miguel N\u00e9japa (Oaxaca), donde se elaboran con motivos ind\u00edgenas.<\/p>\n\n\n\n<p>Luego llegan los d\u00edas 30 y 31 de marzo, as\u00ed como el 1 de abril (lunes, martes y mi\u00e9rcoles santos). Son los d\u00edas previos y la gente compra cirios, algunos ayunan y otros oran. La historia est\u00e1 a punto de repetirse y nuevamente el hijo de Dios enfrentar\u00e1 su destino\u2026 por nosotros.<\/p>\n\n\n\n<p>El Jueves Santo (2 de abril) es el momento de la visita de las siete casas y los fervientes acuden a la misma cantidad de iglesias; el ritual se repite a lo largo y ancho del pa\u00eds entre los cat\u00f3licos. La \u00daltima Cena tambi\u00e9n se representa en cada plaza. Jes\u00fas es se\u00f1alado con un beso en la mejilla y todos sabemos que fue Judas quien lo traicion\u00f3, al menos eso han querido que creamos y ha funcionado porque en M\u00e9xico hasta un refr\u00e1n hemos hecho para recordarlo: \u201cni Judas fue tan traicionero\u201d, respondemos se\u00f1alando a quien dio al traste con nuestra confianza.<\/p>\n\n\n<div class=\"wp-block-image\">\n<figure class=\"alignright size-medium\"><img loading=\"lazy\" decoding=\"async\" width=\"300\" height=\"225\" src=\"https:\/\/www.ektunkul.com\/wp-content\/uploads\/2026\/03\/Semana-Santa-Cortesia-Sectur-Guerrero-300x225.jpg\" alt=\"\" class=\"wp-image-1135\" srcset=\"https:\/\/www.ektunkul.com\/wp-content\/uploads\/2026\/03\/Semana-Santa-Cortesia-Sectur-Guerrero-300x225.jpg 300w, https:\/\/www.ektunkul.com\/wp-content\/uploads\/2026\/03\/Semana-Santa-Cortesia-Sectur-Guerrero-1024x768.jpg 1024w, https:\/\/www.ektunkul.com\/wp-content\/uploads\/2026\/03\/Semana-Santa-Cortesia-Sectur-Guerrero-768x576.jpg 768w, https:\/\/www.ektunkul.com\/wp-content\/uploads\/2026\/03\/Semana-Santa-Cortesia-Sectur-Guerrero-1536x1152.jpg 1536w, https:\/\/www.ektunkul.com\/wp-content\/uploads\/2026\/03\/Semana-Santa-Cortesia-Sectur-Guerrero-16x12.jpg 16w, https:\/\/www.ektunkul.com\/wp-content\/uploads\/2026\/03\/Semana-Santa-Cortesia-Sectur-Guerrero.jpg 2048w\" sizes=\"auto, (max-width: 300px) 100vw, 300px\" \/><\/figure>\n<\/div>\n\n\n<p>Adem\u00e1s, hay procesiones como la de Taxco, en Guerrero, donde los \u201cencruzados\u201d cargan fardos o rollos de espinas de zarza sobre hombros desnudos y cabezas cubiertas con capuchas negras porque se busca perd\u00f3n y anonimato. La Procesi\u00f3n de los Cristos dura toda la noche del Jueves Santo, con im\u00e1genes coloniales de plata. Es crudo: sangre real, penitencia visible. Taxco, Pueblo M\u00e1gico, se ilumina con velas, pero el dolor es el centro de todo.<\/p>\n\n\n\n<p>Han empezado las escenificaciones. La de Iztapalapa y la de Tacubaya son las m\u00e1s antiguas de la Ciudad de M\u00e9xico, pero en el pa\u00eds destaca tambi\u00e9n la de Puebla, con su ruta desde el Templo de San Francisco hasta la Capilla del Calvario; Quer\u00e9taro no se queda atr\u00e1s con el simbolismo de espinas y cadenas en templos hist\u00f3ricos, y la Judea de San Mart\u00edn de las Flores en Guadalajara, considerada la segunda m\u00e1s importante en nuestro territorio.<\/p>\n\n\n\n<p>Vale la pena hacer un par\u00e9ntesis aqu\u00ed. El Viacrucis de Iztapalapa cumple m\u00e1s de 180 a\u00f1os de tradici\u00f3n, con 5 mil participantes y 2 millones de espectadores; un actor local interpreta a Cristo, cargando una cruz real por cerros empinados y no es espect\u00e1culo, es voto colectivo desde la colonia. En 2026, espera multitudes, pero hay que llegar temprano para ver los preparativos en el Cerro de la Estrella.<\/p>\n\n\n<div class=\"wp-block-image\">\n<figure class=\"alignleft size-medium\"><img loading=\"lazy\" decoding=\"async\" width=\"300\" height=\"200\" src=\"https:\/\/www.ektunkul.com\/wp-content\/uploads\/2026\/03\/Pilatos-cortesia-COmunicacion-Social-Iztapalapa-300x200.jpg\" alt=\"\" class=\"wp-image-1155\" srcset=\"https:\/\/www.ektunkul.com\/wp-content\/uploads\/2026\/03\/Pilatos-cortesia-COmunicacion-Social-Iztapalapa-300x200.jpg 300w, https:\/\/www.ektunkul.com\/wp-content\/uploads\/2026\/03\/Pilatos-cortesia-COmunicacion-Social-Iztapalapa-1024x683.jpg 1024w, https:\/\/www.ektunkul.com\/wp-content\/uploads\/2026\/03\/Pilatos-cortesia-COmunicacion-Social-Iztapalapa-768x512.jpg 768w, https:\/\/www.ektunkul.com\/wp-content\/uploads\/2026\/03\/Pilatos-cortesia-COmunicacion-Social-Iztapalapa-1536x1024.jpg 1536w, https:\/\/www.ektunkul.com\/wp-content\/uploads\/2026\/03\/Pilatos-cortesia-COmunicacion-Social-Iztapalapa-2048x1365.jpg 2048w, https:\/\/www.ektunkul.com\/wp-content\/uploads\/2026\/03\/Pilatos-cortesia-COmunicacion-Social-Iztapalapa-18x12.jpg 18w\" sizes=\"auto, (max-width: 300px) 100vw, 300px\" \/><\/figure>\n<\/div>\n\n\n<p>El Viernes Santo (3 de abril) es el d\u00eda m\u00e1s doloroso. Poncio Pilatos se lava las manos cuando la multitud ha decidido que el ladr\u00f3n Barrab\u00e1s es menos culpable que el Hijo de Dios y lo libera. La muchedumbre, exacerbada, no duda en responder a la pregunta del prefecto romano en torno al castigo adecuado para alguien en quien no encuentra culpa alguna: \u201c\u00a1crucif\u00edcale!\u201d. Jes\u00fas recorre el camino a golpes cargando una enorme cruz de madera, sediento, cae tres veces y cuando por fin llega al fin del camino no hay descanso. Ser\u00e1 torturado, crucificado\u2026 muerto&#8230; Por eso hay procesiones como la de Taxco, la de Puebla o la de Quer\u00e9taro, donde la penitencia y el dolor son protagonistas para compartir sufrimiento.<\/p>\n\n\n\n<p>Lo cierto es que en M\u00e9xico, ejemplos como la Procesi\u00f3n de Viernes Santo en Puebla re\u00fanen multitudes.<\/p>\n\n\n\n<p>El S\u00e1bado Santo (4 de abril), es un d\u00eda de silencio y reflexi\u00f3n en la liturgia cristiana. Se conmemora el reposo del cuerpo de Jes\u00fas en el sepulcro y se caracteriza por un ambiente de duelo. Vigilia, ayuno y la muerte del traidor. Como parte de la tradici\u00f3n se queman representaciones de Judas en las plazas. Recuerdo que hace muchos a\u00f1os se acostumbraba aventar agua a las personas en la calle y se organizaban \u201cguerritas\u201d con el l\u00edquido pero como tanto desperdicio sumado a otras situaciones ha cobrado facturas y ahora eso es un delito.<\/p>\n\n\n<div class=\"wp-block-image\">\n<figure class=\"aligncenter size-medium\"><img loading=\"lazy\" decoding=\"async\" width=\"273\" height=\"300\" src=\"https:\/\/www.ektunkul.com\/wp-content\/uploads\/2026\/03\/Pasion-Iztapalapa-cortesia-Comunicacion-Social-5-scaled-e1773030104130-273x300.jpeg\" alt=\"\" class=\"wp-image-1150\" srcset=\"https:\/\/www.ektunkul.com\/wp-content\/uploads\/2026\/03\/Pasion-Iztapalapa-cortesia-Comunicacion-Social-5-scaled-e1773030104130-273x300.jpeg 273w, https:\/\/www.ektunkul.com\/wp-content\/uploads\/2026\/03\/Pasion-Iztapalapa-cortesia-Comunicacion-Social-5-scaled-e1773030104130-932x1024.jpeg 932w, https:\/\/www.ektunkul.com\/wp-content\/uploads\/2026\/03\/Pasion-Iztapalapa-cortesia-Comunicacion-Social-5-scaled-e1773030104130-768x844.jpeg 768w, https:\/\/www.ektunkul.com\/wp-content\/uploads\/2026\/03\/Pasion-Iztapalapa-cortesia-Comunicacion-Social-5-scaled-e1773030104130-1398x1536.jpeg 1398w, https:\/\/www.ektunkul.com\/wp-content\/uploads\/2026\/03\/Pasion-Iztapalapa-cortesia-Comunicacion-Social-5-scaled-e1773030104130-11x12.jpeg 11w, https:\/\/www.ektunkul.com\/wp-content\/uploads\/2026\/03\/Pasion-Iztapalapa-cortesia-Comunicacion-Social-5-scaled-e1773030104130-1024x1125.jpeg 1024w, https:\/\/www.ektunkul.com\/wp-content\/uploads\/2026\/03\/Pasion-Iztapalapa-cortesia-Comunicacion-Social-5-scaled-e1773030104130.jpeg 1420w\" sizes=\"auto, (max-width: 273px) 100vw, 273px\" \/><\/figure>\n<\/div>\n\n\n<p>El Domingo de Resurrecci\u00f3n (5 de abril), es un d\u00eda de alegr\u00eda porque Cristo Jes\u00fas resucit\u00f3. Hay misas y festejos por todos lados.<\/p>\n\n\n\n<p><strong>\u00bfRecomendaciones?<\/strong><\/p>\n\n\n\n<p>Si no te gustan las multitudes descarta ir a Iztapalapa, mejor opta por el Viacrucis en Cuetzalan (Puebla), que es menos comercial y est\u00e1 a 4 horas de la Ciudad de M\u00e9xico. Adem\u00e1s, est\u00e1s obligado a probar la gastronom\u00eda regional; si llegas a la CdMx tienes que probar la capirotada (pan con frutas secas) o los romeritos con mole. Un mercado como el de Coyoac\u00e1n es una muy buena opci\u00f3n.<\/p>\n\n\n<div class=\"wp-block-image\">\n<figure class=\"alignleft size-medium\"><img loading=\"lazy\" decoding=\"async\" width=\"300\" height=\"200\" src=\"https:\/\/www.ektunkul.com\/wp-content\/uploads\/2026\/03\/SEMANA-SANTA-CDMX-IZTAPALAPA-2-300x200.jpg\" alt=\"\" class=\"wp-image-1119\" srcset=\"https:\/\/www.ektunkul.com\/wp-content\/uploads\/2026\/03\/SEMANA-SANTA-CDMX-IZTAPALAPA-2-300x200.jpg 300w, https:\/\/www.ektunkul.com\/wp-content\/uploads\/2026\/03\/SEMANA-SANTA-CDMX-IZTAPALAPA-2-1024x682.jpg 1024w, https:\/\/www.ektunkul.com\/wp-content\/uploads\/2026\/03\/SEMANA-SANTA-CDMX-IZTAPALAPA-2-768x512.jpg 768w, https:\/\/www.ektunkul.com\/wp-content\/uploads\/2026\/03\/SEMANA-SANTA-CDMX-IZTAPALAPA-2-1536x1023.jpg 1536w, https:\/\/www.ektunkul.com\/wp-content\/uploads\/2026\/03\/SEMANA-SANTA-CDMX-IZTAPALAPA-2-18x12.jpg 18w, https:\/\/www.ektunkul.com\/wp-content\/uploads\/2026\/03\/SEMANA-SANTA-CDMX-IZTAPALAPA-2.jpg 1600w\" sizes=\"auto, (max-width: 300px) 100vw, 300px\" \/><\/figure>\n<\/div>\n\n\n<p>Donde hay gente hay basura y ese, como dicen las nuevas generaciones, es un \u201cfacto\u201d, el compromiso es cuidar el medio ambiente; adem\u00e1s, hay que recordar las medidas b\u00e1sicas de seguridad y salud, usar cubrebocas ser\u00eda una buena idea. Hay que pensar en todo, si pretendes visitar un Pueblo M\u00e1gico en esas fechas, te recomendamos reservar con tiempo.<\/p>\n\n\n\n<p>Recuerda, Semana Santa no es solo d\u00edas libres; es un espejo de M\u00e9xico: dolor, resiliencia y celebraci\u00f3n mestiza. En 2026, con fechas del 29 de marzo al 5 de abril, es una buena oportunidad para conectar con algo profundo.<\/p>\n\n\n\n<p>Recuerda que hay un sinf\u00edn de alternativas y, si en realidad deseas vivir una experiencia \u00fanica, debes asistir al Viacrucis en San Lucas Zoqui\u00e1pam, en Oaxaca, con influencias zapotecas, o ir a Michoac\u00e1n a experimentar Tzintzuntzan. En este M\u00e9xico m\u00e1gico tienes opciones de sobra para vivir y experimentar la Pasi\u00f3n de Cristo\u2026<\/p>\n\n\n\n<p><em>Suscr\u00edbete a nuestra newsletter para m\u00e1s gu\u00edas ocultas del pa\u00eds, todo para ti en ektunkul.com \u2026porque todo resuena en nuestro M\u00e9xico\u2026<\/em><\/p>\n\n\n\n<p><\/p>","protected":false},"excerpt":{"rendered":"<p>Las calles empedradas de Taxco reciben el peso de cruces espinosas, pies desnudos y el sonido de cadenas arrastr\u00e1ndose. No es solo devoci\u00f3n, es un ritual que duele, que marca la piel y el alma bajo el pretexto de la fe. Estuve ah\u00ed hace a\u00f1os, atestig\u00fc\u00e9 una procesi\u00f3n donde los encruzados avanzan descalzos, con el [&hellip;]<\/p>\n","protected":false},"author":6,"featured_media":1154,"comment_status":"open","ping_status":"closed","sticky":false,"template":"","format":"standard","meta":{"jetpack_post_was_ever_published":false,"_jetpack_newsletter_access":"","_jetpack_dont_email_post_to_subs":false,"_jetpack_newsletter_tier_id":0,"_jetpack_memberships_contains_paywalled_content":false,"_jetpack_memberships_contains_paid_content":false,"footnotes":"","jetpack_publicize_message":"","jetpack_publicize_feature_enabled":true,"jetpack_social_post_already_shared":true,"jetpack_social_options":{"image_generator_settings":{"template":"highway","default_image_id":0,"font":"","enabled":false},"version":2}},"categories":[75,76,38],"tags":[743,738,674,736,742,672,680,676,735,741],"class_list":["post-1109","post","type-post","status-publish","format-standard","has-post-thumbnail","hentry","category-pueblos-magicos","category-rutas","category-tradiciones","tag-cuetzalan-viacrucis","tag-domingo-de-ramos-palmas","tag-fechas-semana-santa-2026","tag-procesion-taxco-encruzados","tag-pueblos-magicos-semana-santa","tag-semana-santa-2026-mexico","tag-sincretismo-religioso-mexico","tag-tradiciones-semana-santa-mexico","tag-viacrucis-iztapalapa-2026","tag-viernes-santo-procesiones"],"jetpack_publicize_connections":[],"jetpack_featured_media_url":"https:\/\/www.ektunkul.com\/wp-content\/uploads\/2026\/03\/Pasion-Iztapalapa-cortesia-INAH.jpg","jetpack_sharing_enabled":true,"_links":{"self":[{"href":"https:\/\/www.ektunkul.com\/en\/wp-json\/wp\/v2\/posts\/1109","targetHints":{"allow":["GET"]}}],"collection":[{"href":"https:\/\/www.ektunkul.com\/en\/wp-json\/wp\/v2\/posts"}],"about":[{"href":"https:\/\/www.ektunkul.com\/en\/wp-json\/wp\/v2\/types\/post"}],"author":[{"embeddable":true,"href":"https:\/\/www.ektunkul.com\/en\/wp-json\/wp\/v2\/users\/6"}],"replies":[{"embeddable":true,"href":"https:\/\/www.ektunkul.com\/en\/wp-json\/wp\/v2\/comments?post=1109"}],"version-history":[{"count":3,"href":"https:\/\/www.ektunkul.com\/en\/wp-json\/wp\/v2\/posts\/1109\/revisions"}],"predecessor-version":[{"id":1158,"href":"https:\/\/www.ektunkul.com\/en\/wp-json\/wp\/v2\/posts\/1109\/revisions\/1158"}],"wp:featuredmedia":[{"embeddable":true,"href":"https:\/\/www.ektunkul.com\/en\/wp-json\/wp\/v2\/media\/1154"}],"wp:attachment":[{"href":"https:\/\/www.ektunkul.com\/en\/wp-json\/wp\/v2\/media?parent=1109"}],"wp:term":[{"taxonomy":"category","embeddable":true,"href":"https:\/\/www.ektunkul.com\/en\/wp-json\/wp\/v2\/categories?post=1109"},{"taxonomy":"post_tag","embeddable":true,"href":"https:\/\/www.ektunkul.com\/en\/wp-json\/wp\/v2\/tags?post=1109"}],"curies":[{"name":"wp","href":"https:\/\/api.w.org\/{rel}","templated":true}]}}