{"id":1072,"date":"2026-03-07T23:37:51","date_gmt":"2026-03-07T23:37:51","guid":{"rendered":"https:\/\/www.ektunkul.com\/?p=1072"},"modified":"2026-03-08T04:08:41","modified_gmt":"2026-03-08T04:08:41","slug":"la-democracia-de-y-para-los-partidos","status":"publish","type":"post","link":"https:\/\/www.ektunkul.com\/en\/opinion\/la-democracia-de-y-para-los-partidos\/","title":{"rendered":"La Democracia de y para los partidos\u2026"},"content":{"rendered":"<ul class=\"wp-block-list\">\n<li><em>Prevalece el inter\u00e9s econ\u00f3mico de grupos; a los partidos no les importa el pa\u00eds.<\/em><\/li>\n<\/ul>\n\n\n\n<ul class=\"wp-block-list\">\n<li><em>Y si en lugar de jueces sin rostro se usa la IA para crear jueces virtuales?<\/em><\/li>\n<\/ul>\n\n\n\n<p>Lamento que la Presidenta de la Rep\u00fablica Mexicana @presidentadem\u00e9xico haya cedido, aunque dej\u00f3 abierta la puerta de incluirla, finalmente, luego de que el equipo gubernamental cedi\u00f3. Contin\u00faa el fuero. Lo mejor: se reduce el acceso al dinero a los partidos y se acota al INE en sus excesos irresponsables.<\/p>\n\n\n\n<p>Cuando se trata de autocr\u00edtica y correcci\u00f3n, los seres humanos somos proclives a voltear a ver (\u00bfcriticar?, \u00bfculpar?, \u00bfse\u00f1alar?), al otro. Cuando no ten\u00eda acceso a los beneficios del poder, la oposici\u00f3n se pronunciaba por hacer cambios de fondo a la ley. Desde los 80 y 90 hubo mucha efervescencia y logros por cambiar la forma de elegir los representantes ciudadanos. Cambios positivos, pero en otros imper\u00f3 el gatopardismo.<\/p>\n\n\n<div class=\"wp-block-image\">\n<figure class=\"alignleft size-medium\"><img loading=\"lazy\" decoding=\"async\" width=\"300\" height=\"225\" src=\"https:\/\/www.ektunkul.com\/wp-content\/uploads\/2026\/03\/votar-2-300x225.jpg\" alt=\"\" class=\"wp-image-1079\" srcset=\"https:\/\/www.ektunkul.com\/wp-content\/uploads\/2026\/03\/votar-2-300x225.jpg 300w, https:\/\/www.ektunkul.com\/wp-content\/uploads\/2026\/03\/votar-2-768x576.jpg 768w, https:\/\/www.ektunkul.com\/wp-content\/uploads\/2026\/03\/votar-2-16x12.jpg 16w, https:\/\/www.ektunkul.com\/wp-content\/uploads\/2026\/03\/votar-2.jpg 800w\" sizes=\"auto, (max-width: 300px) 100vw, 300px\" \/><\/figure>\n<\/div>\n\n\n<p>Los logros son conocidos por todos, ya que con su credencial para votar con fotograf\u00eda, la instancia \u00bfaut\u00f3noma?, que tiene bajo su responsabilidad los procesos electorales y el acceso a personas que ni por casualidad ser\u00edan pol\u00edticos, entre otros, se percata el ciudadano de una normalidad que cost\u00f3 a\u00f1os de enfrentamiento con el poder real en este pa\u00eds. Fui testigo de mediana cercan\u00eda.<\/p>\n\n\n\n<p>Lo que no se pudo, o quiso, cambiar fue algunos elementos importantes, como el financiamiento a los partidos pol\u00edticos y n\u00famero de diputados; ambos, fundamentales para controlar, con dinero y posiciones, a la contraparte, adem\u00e1s de la dispersi\u00f3n de recursos &#8211;que no es poca cosa, ya que es mucho el dinero, aunque tambi\u00e9n ah\u00ed se juega con el llamado <em>diezmo<\/em>, o mayor porcentaje que se da a quien reparte el dinero asignado, adem\u00e1s del que se da a los lobistas, a los diputados del partido que lo promovi\u00f3, de la municipalidad, entre otros, lo que <em>diezma<\/em> el capital solicitado y se haga a medias la obra para beneficio de la gente&#8211; a programas y actividades en municipios y estados, entre otros.<\/p>\n\n\n\n<p>Exorbitante la cantidad de dinero que se asigna a los partidos. A manera de ejemplo, en 1997 el entonces IFE distribuy\u00f3 as\u00ed: PAN, recibi\u00f3 527 millones, 248 mil 111 pesos; el PRI, 892, 112,657.00 mdp y el PRD, 391,336,40.00 mdp. En 2025, por actividades ordinarias permanentes, la p\u00e1gina del INE indica que el PAN recibi\u00f3 por actividades ordinarias permanentes, 102,802,33.00 mdp; el PRI, 77,818,969.00 mdp y Morena, 207,192,284.00 mdp.<\/p>\n\n\n<div class=\"wp-block-image\">\n<figure class=\"alignright size-medium\"><img loading=\"lazy\" decoding=\"async\" width=\"300\" height=\"200\" src=\"https:\/\/www.ektunkul.com\/wp-content\/uploads\/2026\/03\/camara-de-diputados-federal2-300x200.jpg\" alt=\"\" class=\"wp-image-1081\" srcset=\"https:\/\/www.ektunkul.com\/wp-content\/uploads\/2026\/03\/camara-de-diputados-federal2-300x200.jpg 300w, https:\/\/www.ektunkul.com\/wp-content\/uploads\/2026\/03\/camara-de-diputados-federal2-18x12.jpg 18w, https:\/\/www.ektunkul.com\/wp-content\/uploads\/2026\/03\/camara-de-diputados-federal2.jpg 696w\" sizes=\"auto, (max-width: 300px) 100vw, 300px\" \/><\/figure>\n<\/div>\n\n\n<p>M\u00e1s la cantidad a los dem\u00e1s partidos (del Trabajo, Verde Ecologista y Movimiento Ciudadano), en total fue para las actividades ordinarias 583,616.926.00 mdp, y la segunda de 17,508,542.00 pesos. A eso se suma otros ingresos que cada partido tiene. Eso es solo por partido, m\u00e1s el dinero que recibe cada fracci\u00f3n en el Congreso de la Uni\u00f3n, distintas canonj\u00edas y el reparto de espacios en las instituciones, entre otras.<\/p>\n\n\n\n<p>Respecto a las listas de plurinominales, independientemente del argumento de que sirven para la representaci\u00f3n del porcentaje de poblaci\u00f3n minoritaria, el manejo de esos espacios son prerrogativas de los partidos pol\u00edticos. D\u00e9cadas hace que los partidos asignan qui\u00e9nes ser\u00e1 usufructuarios de las curules en el Congreso de la Uni\u00f3n. Desde <em>el partidazo<\/em>, los personajes cercanos al poder o que iban a ser promocionados o ten\u00edan asuntos legales pendientes y al ser legisladores, con el fuero, han gozado de impunidad, o distintas circunstancias.<\/p>\n\n\n\n<p>Coincido con la doctora CSP: Las listas plurinominales no son para representaci\u00f3n de las minor\u00edas. La usan los partidos pol\u00edticos para posicionar personas espec\u00edficas. No es democracia, porque no son elegidos, son ungidos.<\/p>\n\n\n\n<p>De manera hist\u00f3rica, desde fines de los 70 en que surgi\u00f3 esa figura, ha sido utilizada; fue m\u00e1s notoria, unos diez a\u00f1os despu\u00e9s. Hacer un listado en este espacio es complicado, pero podemos tomar algunas muestras, pero lo importante es el per\u00edodo en que ocurri\u00f3, ya que el reparto es m\u00e1s notorio cuando fue la alianza entre los grupos pol\u00edticos del PRI y del PAN, como parte de la legitimaci\u00f3n de CSG.<\/p>\n\n\n<div class=\"wp-block-image\">\n<figure class=\"alignleft size-medium\"><img loading=\"lazy\" decoding=\"async\" width=\"300\" height=\"207\" src=\"https:\/\/www.ektunkul.com\/wp-content\/uploads\/2026\/03\/Cuauhtemoc-Blanco-300x207.jpg\" alt=\"\" class=\"wp-image-1082\" srcset=\"https:\/\/www.ektunkul.com\/wp-content\/uploads\/2026\/03\/Cuauhtemoc-Blanco-300x207.jpg 300w, https:\/\/www.ektunkul.com\/wp-content\/uploads\/2026\/03\/Cuauhtemoc-Blanco-768x530.jpg 768w, https:\/\/www.ektunkul.com\/wp-content\/uploads\/2026\/03\/Cuauhtemoc-Blanco-18x12.jpg 18w, https:\/\/www.ektunkul.com\/wp-content\/uploads\/2026\/03\/Cuauhtemoc-Blanco.jpg 820w\" sizes=\"auto, (max-width: 300px) 100vw, 300px\" \/><\/figure>\n<\/div>\n\n\n<p>En los listados est\u00e1n en primer t\u00e9rmino los cinco que se van a quedar, luego, los dem\u00e1s; evidentemente, son para los dirigentes de partidos, gobernadores, l\u00edderes sindicales; luego, los otros, que incluye actores, actrices, deportistas o l\u00edderes sindicales:<\/p>\n\n\n\n<p>Figuras como Diego Fern\u00e1ndez de Cevallos, Felipe Calder\u00f3n, Josefina V\u00e1zquez Mota, Ricardo Anaya Cort\u00e9s (en la m\u00e1s reciente, vivi\u00f3 en EU, al haber rumores que era investigado por asuntos de comprobaci\u00f3n de propiedades, adem\u00e1s de se\u00f1alamientos de recibir dinero, a cambio de votos para que pasara la reforma energ\u00e9tica, entre otros), la ex candidata X\u00f3chitl G\u00e1lvez, Carlos Medina Plascencia.<\/p>\n\n\n\n<p>Tambi\u00e9n est\u00e1n Alejandro Moreno C\u00e1rdenas, Dulce Mar\u00eda Sauri, Manuel Bartlett, Eruviel \u00c1vila, Jes\u00fas Murillo Karam, Manlio Fabio Beltrones, su hija Sylvana Beltrones, Rub\u00e9n Moreira, Eufrosina Cruz, Aurelio Nu\u00f1o, Carlos Humberto Aceves del Olmo, Sof\u00eda Ni\u00f1o de Rivera.<\/p>\n\n\n<div class=\"wp-block-image\">\n<figure class=\"alignright size-medium\"><img loading=\"lazy\" decoding=\"async\" width=\"300\" height=\"186\" src=\"https:\/\/www.ektunkul.com\/wp-content\/uploads\/2026\/03\/monreal-300x186.jpeg\" alt=\"\" class=\"wp-image-1083\" srcset=\"https:\/\/www.ektunkul.com\/wp-content\/uploads\/2026\/03\/monreal-300x186.jpeg 300w, https:\/\/www.ektunkul.com\/wp-content\/uploads\/2026\/03\/monreal-768x476.jpeg 768w, https:\/\/www.ektunkul.com\/wp-content\/uploads\/2026\/03\/monreal-18x12.jpeg 18w, https:\/\/www.ektunkul.com\/wp-content\/uploads\/2026\/03\/monreal.jpeg 800w\" sizes=\"auto, (max-width: 300px) 100vw, 300px\" \/><\/figure>\n<\/div>\n\n\n<p>Layda Sansores, Amalia Garc\u00eda, Miguel \u00c1ngel Mancera, Ricardo Monreal, Ad\u00e1n Augusto L\u00f3pez, Dante Delgado, Jorge \u00c1lvarez M\u00e1ynez, Jes\u00fas Ortega, Pablo G\u00f3mez, Jes\u00fas Zambrano, Yeidkol Polevnsky.<\/p>\n\n\n\n<p>Junto a ellos, Carmen Salinas, Cuauht\u00e9moc Blanco, Mar\u00eda Rojo, Silvia Pinal, Laura Esquivel, Rolando Cordera, Arnaldo C\u00f3rdova, Jaime Sabines, Laura Esquivel, Carlos Bracho, los l\u00edderes sindicales: Carlos Romero Deschamps, Elba Esther Gordillo, Francisco Hern\u00e1ndez Ju\u00e1rez, Napol\u00e9on G\u00f3mez Urrutia, Joel Ayala, Ricardo Aldana y Tereso Medina, etc\u00e9tera.<\/p>\n\n\n\n<p>Y no la aprueban, porque les quita control, prerrogativas que han tenido para que sus grupos tengan un margen de poder para negociar votos en la aprobaci\u00f3n de iniciativas. Adem\u00e1s, atenta contra sus intereses, porque al tener menos integrantes, los recursos son menores.<\/p>\n\n\n\n<p>A los integrantes de los partidos pol\u00edticos no les importa el pa\u00eds. Menos la democracia. Y mucho menos un cambio real que mejore la situaci\u00f3n de M\u00e9xico, porque ello incide en otros \u00e1mbitos, como la seguridad. Su negativa a la reforma obedece a su propio negocio, porque vivir de la pol\u00edtica ofrece, sin mucho esfuerzo, el manejo de recursos econ\u00f3micos y poder.<\/p>\n\n\n\n<p class=\"has-text-align-center\">* * * * *<\/p>\n\n\n\n<p><\/p>","protected":false},"excerpt":{"rendered":"<p>Lamento que la Presidenta de la Rep\u00fablica Mexicana @presidentadem\u00e9xico haya cedido, aunque dej\u00f3 abierta la puerta de incluirla, finalmente, luego de que el equipo gubernamental cedi\u00f3. Contin\u00faa el fuero. Lo mejor: se reduce el acceso al dinero a los partidos y se acota al INE en sus excesos irresponsables. Cuando se trata de autocr\u00edtica y [&hellip;]<\/p>\n","protected":false},"author":3,"featured_media":1087,"comment_status":"open","ping_status":"closed","sticky":false,"template":"","format":"standard","meta":{"jetpack_post_was_ever_published":false,"_jetpack_newsletter_access":"","_jetpack_dont_email_post_to_subs":false,"_jetpack_newsletter_tier_id":0,"_jetpack_memberships_contains_paywalled_content":false,"_jetpack_memberships_contains_paid_content":false,"footnotes":"","jetpack_publicize_message":"","jetpack_publicize_feature_enabled":true,"jetpack_social_post_already_shared":true,"jetpack_social_options":{"image_generator_settings":{"template":"highway","default_image_id":0,"font":"","enabled":false},"version":2}},"categories":[413,77],"tags":[717,716,712,699,702,709,714,711,707,708,715,704,703,700,713,698,706,705,701,710],"class_list":["post-1072","post","type-post","status-publish","format-standard","has-post-thumbnail","hentry","category-comunicacion-y-poder","category-opinion","tag-claudia-sheinbaum-electoral-reform","tag-claudia-sheinbaum-reforma-electoral","tag-diputados-plurinominales-privilegios","tag-electoral-reform-mexico-2026","tag-financiamiento-partidos-politicos-mexico","tag-fuero-legislativo-mexico","tag-ine-excesos-financiamiento","tag-ine-excesses-funding","tag-legislative-immunity-mexico","tag-listas-plurinominales-impunidad","tag-plurinominal-deputies-privileges","tag-plurinominal-lists-impunity","tag-plurinominales-partidos-politicos","tag-political-parties-financing-mexico","tag-political-parties-reform-mexico","tag-proportional-representation-parties-mexico","tag-reduccion-financiamiento-partidos","tag-reduction-party-funding","tag-reforma-electoral-mexico-2026","tag-reforma-partidos-politicos-mexico"],"jetpack_publicize_connections":[],"jetpack_featured_media_url":"https:\/\/www.ektunkul.com\/wp-content\/uploads\/2026\/03\/partidos-mexico.png","jetpack_sharing_enabled":true,"_links":{"self":[{"href":"https:\/\/www.ektunkul.com\/en\/wp-json\/wp\/v2\/posts\/1072","targetHints":{"allow":["GET"]}}],"collection":[{"href":"https:\/\/www.ektunkul.com\/en\/wp-json\/wp\/v2\/posts"}],"about":[{"href":"https:\/\/www.ektunkul.com\/en\/wp-json\/wp\/v2\/types\/post"}],"author":[{"embeddable":true,"href":"https:\/\/www.ektunkul.com\/en\/wp-json\/wp\/v2\/users\/3"}],"replies":[{"embeddable":true,"href":"https:\/\/www.ektunkul.com\/en\/wp-json\/wp\/v2\/comments?post=1072"}],"version-history":[{"count":6,"href":"https:\/\/www.ektunkul.com\/en\/wp-json\/wp\/v2\/posts\/1072\/revisions"}],"predecessor-version":[{"id":1093,"href":"https:\/\/www.ektunkul.com\/en\/wp-json\/wp\/v2\/posts\/1072\/revisions\/1093"}],"wp:featuredmedia":[{"embeddable":true,"href":"https:\/\/www.ektunkul.com\/en\/wp-json\/wp\/v2\/media\/1087"}],"wp:attachment":[{"href":"https:\/\/www.ektunkul.com\/en\/wp-json\/wp\/v2\/media?parent=1072"}],"wp:term":[{"taxonomy":"category","embeddable":true,"href":"https:\/\/www.ektunkul.com\/en\/wp-json\/wp\/v2\/categories?post=1072"},{"taxonomy":"post_tag","embeddable":true,"href":"https:\/\/www.ektunkul.com\/en\/wp-json\/wp\/v2\/tags?post=1072"}],"curies":[{"name":"wp","href":"https:\/\/api.w.org\/{rel}","templated":true}]}}