{"id":1006,"date":"2026-03-02T04:56:39","date_gmt":"2026-03-02T04:56:39","guid":{"rendered":"https:\/\/www.ektunkul.com\/?p=1006"},"modified":"2026-03-02T04:56:43","modified_gmt":"2026-03-02T04:56:43","slug":"richards-arrasa-en-chiapas-doble-triunfo-en-super-copa-roshfrans-gtm-pro-1-super-ovalo-chiapas-2026","status":"publish","type":"post","link":"https:\/\/www.ektunkul.com\/en\/deportes\/richards-arrasa-en-chiapas-doble-triunfo-en-super-copa-roshfrans-gtm-pro-1-super-ovalo-chiapas-2026\/","title":{"rendered":"Richards Arrasa en Chiapas: Doble Triunfo en S\u00faper Copa Roshfrans GTM Pro 1 | S\u00faper \u00d3valo Chiapas 2026"},"content":{"rendered":"<p>\u00a1El rugido de los motores sacudi\u00f3 la tierra del jaguar! En un <strong>S\u00faper \u00d3valo Chiapas<\/strong> repleto de aficionados apasionados, la <strong>S\u00faper Copa Roshfrans 2026<\/strong> vivi\u00f3 su segunda fecha inolvidable. Emiliano Richards (MG, #1) domin\u00f3 de principio a fin en la <strong>Carrera 1 de GTM Pro 1<\/strong> , consolid\u00e1ndose como l\u00edder indiscutible. Este evento no solo fue una fiesta de velocidad, sino un homenaje a la herencia chiapaneca de coraje y adrenalina.<\/p>\n\n\n\n<p>\u00ab\u00a1Estoy feliz con este resultado! Me pone en la punta del campeonato y el marco del S\u00faper \u00d3valo Chiapas fue espectacular, casi lleno\u00bb, exclam\u00f3 Richards tras su victoria impecable. Amenazado por Paul Jourdain, que cruz\u00f3 segundo, Richards defendi\u00f3 su posici\u00f3n con maestr\u00eda en el \u00f3valo chiapaneco.<\/p>\n\n\n\n<figure class=\"wp-block-image size-large\"><img loading=\"lazy\" decoding=\"async\" width=\"1024\" height=\"683\" src=\"https:\/\/www.ektunkul.com\/wp-content\/uploads\/2026\/03\/eloy-ganador-carrera-2-1024x683.jpg\" alt=\"\" class=\"wp-image-1007\" srcset=\"https:\/\/www.ektunkul.com\/wp-content\/uploads\/2026\/03\/eloy-ganador-carrera-2-1024x683.jpg 1024w, https:\/\/www.ektunkul.com\/wp-content\/uploads\/2026\/03\/eloy-ganador-carrera-2-300x200.jpg 300w, https:\/\/www.ektunkul.com\/wp-content\/uploads\/2026\/03\/eloy-ganador-carrera-2-768x512.jpg 768w, https:\/\/www.ektunkul.com\/wp-content\/uploads\/2026\/03\/eloy-ganador-carrera-2-1536x1024.jpg 1536w, https:\/\/www.ektunkul.com\/wp-content\/uploads\/2026\/03\/eloy-ganador-carrera-2-2048x1365.jpg 2048w, https:\/\/www.ektunkul.com\/wp-content\/uploads\/2026\/03\/eloy-ganador-carrera-2-18x12.jpg 18w\" sizes=\"auto, (max-width: 1024px) 100vw, 1024px\" \/><\/figure>\n\n\n\n<p><strong>Los 5 mejores Carrera 1 &#8211; GTM Pro 1<\/strong><\/p>\n\n\n\n<ul class=\"wp-block-list\">\n<li><strong>1. Emiliano Richards<\/strong> &#8211; 41:31.893<\/li>\n\n\n\n<li><strong>2. Paul Jourdain<\/strong> &#8211; 41:32.327<\/li>\n\n\n\n<li><strong>3. Gerardo Nieto (Gas Nieto)<\/strong> &#8211; 41:32.634<\/li>\n\n\n\n<li><strong>4. Eloy Falc\u00f3n<\/strong> &#8211; 41:33.117<\/li>\n\n\n\n<li><strong>5. Michel Jourdain<\/strong> &#8211; 41:33.189<\/li>\n<\/ul>\n\n\n\n<p><strong>Otras categor\u00edas brillaron:<\/strong> Rafael Vallina (Coca-Cola) se llev\u00f3 la <strong>GTM Pro 2<\/strong> , y C\u00e9sar Jim\u00e9nez (Orangino) triunf\u00f3 en <strong>GTM Light<\/strong> .<\/p>\n\n\n\n<p><strong>\ud83c\udfc6<\/strong><strong> Eloy Sebasti\u00e1n Falc\u00f3n Brilla en Debut: Victoria \u00c9pica en Carrera 2<\/strong><\/p>\n\n\n\n<p>\u00a1Doble emoci\u00f3n en Chiapas! El equipo <strong>Tame Racing<\/strong> debut\u00f3 con broche de oro: <strong>Eloy Sebasti\u00e1n Falc\u00f3n<\/strong> , el oaxaque\u00f1o de talento puro, conquist\u00f3 la <strong>Carrera 2 de GTM Pro 1<\/strong> . Partiendo desde el segundo lugar, Falc\u00f3n adelant\u00f3 con precisi\u00f3n quir\u00fargica y cruz\u00f3 la meta en solitario, demostrando por qu\u00e9 el automovilismo mexicano late con fuerza.<\/p>\n\n\n\n<figure class=\"wp-block-image size-large\"><img loading=\"lazy\" decoding=\"async\" width=\"1024\" height=\"682\" src=\"https:\/\/www.ektunkul.com\/wp-content\/uploads\/2026\/02\/Jose-Arellano-02-1024x682.jpg\" alt=\"\" class=\"wp-image-963\" srcset=\"https:\/\/www.ektunkul.com\/wp-content\/uploads\/2026\/02\/Jose-Arellano-02-1024x682.jpg 1024w, https:\/\/www.ektunkul.com\/wp-content\/uploads\/2026\/02\/Jose-Arellano-02-300x200.jpg 300w, https:\/\/www.ektunkul.com\/wp-content\/uploads\/2026\/02\/Jose-Arellano-02-768x512.jpg 768w, https:\/\/www.ektunkul.com\/wp-content\/uploads\/2026\/02\/Jose-Arellano-02-1536x1023.jpg 1536w, https:\/\/www.ektunkul.com\/wp-content\/uploads\/2026\/02\/Jose-Arellano-02-18x12.jpg 18w, https:\/\/www.ektunkul.com\/wp-content\/uploads\/2026\/02\/Jose-Arellano-02.jpg 1800w\" sizes=\"auto, (max-width: 1024px) 100vw, 1024px\" \/><\/figure>\n\n\n\n<p>\u00ab\u00a1Este 2026 arrancamos de lujo! Ganarle a pilotos top es un honor. Estamos emocionados y listos para m\u00e1s\u00bb, declar\u00f3 el ganador, visiblemente conmovido por el apoyo chiapaneco.<\/p>\n\n\n\n<p>Segundo fue Irwin Vences, y tercero Santos Zanella Sr., con su mejor resultado en a\u00f1os. Rafael Vallina repiti\u00f3 en <strong>GTM Pro 2<\/strong> , mientras Marcelo Gonz\u00e1lez domin\u00f3 <strong>GTM Light<\/strong> .<\/p>\n\n\n\n<p>\u00a1Chiapas vibr\u00f3 con velocidad y orgullo mexicano! \u00bfListo para la pr\u00f3xima fecha? Sigue la acci\u00f3n en ektunkul.com.<\/p>","protected":false},"excerpt":{"rendered":"<p>\u00a1El rugido de los motores sacudi\u00f3 la tierra del jaguar! En un S\u00faper \u00d3valo Chiapas repleto de aficionados apasionados, la S\u00faper Copa Roshfrans 2026 vivi\u00f3 su segunda fecha inolvidable. Emiliano Richards (MG, #1) domin\u00f3 de principio a fin en la Carrera 1 de GTM Pro 1 , consolid\u00e1ndose como l\u00edder indiscutible. Este evento no solo [&hellip;]<\/p>\n","protected":false},"author":2,"featured_media":1008,"comment_status":"open","ping_status":"closed","sticky":false,"template":"","format":"standard","meta":{"jetpack_post_was_ever_published":false,"_jetpack_newsletter_access":"","_jetpack_dont_email_post_to_subs":false,"_jetpack_newsletter_tier_id":0,"_jetpack_memberships_contains_paywalled_content":false,"_jetpack_memberships_contains_paid_content":false,"footnotes":"","jetpack_publicize_message":"","jetpack_publicize_feature_enabled":true,"jetpack_social_post_already_shared":true,"jetpack_social_options":{"image_generator_settings":{"template":"highway","default_image_id":0,"font":"","enabled":false},"version":2}},"categories":[81],"tags":[585,581,586,584,582,587,583,539,530],"class_list":["post-1006","post","type-post","status-publish","format-standard","has-post-thumbnail","hentry","category-deportes","tag-automovilismo-mexico","tag-carrera-chiapas-2026","tag-eloy-falcon","tag-emiliano-richards","tag-gtm-pro-1","tag-super-copa-roshfrans-2","tag-super-copa-roshfrans","tag-super-oval-chiapas","tag-super-ovalo-chiapas"],"jetpack_publicize_connections":[],"jetpack_featured_media_url":"https:\/\/www.ektunkul.com\/wp-content\/uploads\/2026\/03\/podio-carrera-1-gtm-pro-1-roshfrans-scaled.jpg","jetpack_sharing_enabled":true,"_links":{"self":[{"href":"https:\/\/www.ektunkul.com\/en\/wp-json\/wp\/v2\/posts\/1006","targetHints":{"allow":["GET"]}}],"collection":[{"href":"https:\/\/www.ektunkul.com\/en\/wp-json\/wp\/v2\/posts"}],"about":[{"href":"https:\/\/www.ektunkul.com\/en\/wp-json\/wp\/v2\/types\/post"}],"author":[{"embeddable":true,"href":"https:\/\/www.ektunkul.com\/en\/wp-json\/wp\/v2\/users\/2"}],"replies":[{"embeddable":true,"href":"https:\/\/www.ektunkul.com\/en\/wp-json\/wp\/v2\/comments?post=1006"}],"version-history":[{"count":1,"href":"https:\/\/www.ektunkul.com\/en\/wp-json\/wp\/v2\/posts\/1006\/revisions"}],"predecessor-version":[{"id":1009,"href":"https:\/\/www.ektunkul.com\/en\/wp-json\/wp\/v2\/posts\/1006\/revisions\/1009"}],"wp:featuredmedia":[{"embeddable":true,"href":"https:\/\/www.ektunkul.com\/en\/wp-json\/wp\/v2\/media\/1008"}],"wp:attachment":[{"href":"https:\/\/www.ektunkul.com\/en\/wp-json\/wp\/v2\/media?parent=1006"}],"wp:term":[{"taxonomy":"category","embeddable":true,"href":"https:\/\/www.ektunkul.com\/en\/wp-json\/wp\/v2\/categories?post=1006"},{"taxonomy":"post_tag","embeddable":true,"href":"https:\/\/www.ektunkul.com\/en\/wp-json\/wp\/v2\/tags?post=1006"}],"curies":[{"name":"wp","href":"https:\/\/api.w.org\/{rel}","templated":true}]}}